{"id":263753,"date":"2023-02-24T10:49:51","date_gmt":"2023-02-24T13:49:51","guid":{"rendered":"https:\/\/www.caririemacao.com\/1\/?p=263753"},"modified":"2023-02-24T10:49:51","modified_gmt":"2023-02-24T13:49:51","slug":"presidente-do-cisco-eden-duarte-vai-a-brasilia-em-busca-de-reverter-negativa-do-garantia-safra-para-cidades-da-regiao","status":"publish","type":"post","link":"https:\/\/www.caririemacao.com\/1\/2023\/02\/24\/presidente-do-cisco-eden-duarte-vai-a-brasilia-em-busca-de-reverter-negativa-do-garantia-safra-para-cidades-da-regiao\/","title":{"rendered":"Presidente do CISCO, \u00c9den Duarte vai \u00e0 Bras\u00edlia em busca de reverter negativa do Garantia Safra para cidades da regi\u00e3o"},"content":{"rendered":"<p>O presidente do Cons\u00f3rcio Intermunicipal de Sa\u00fade do Cariri Ocidental e prefeito de Sum\u00e9, \u00c9den Duarte, afirmou atrav\u00e9s das redes sociais que ir\u00e1 \u00e0 Bras\u00edlia em busca de reverter a negativa do Garantia Safra para mais de 10 cidades do Cariri paraibano.<\/p>\n<p>O prefeito informou sobre a viagem, atrav\u00e9s das redes sociais, indagando a respeito do tema e revelando que vai procurar meios de reverter essa situa\u00e7\u00e3o e amparar os agricultores.<\/p>\n<p>\u00c9den tamb\u00e9m afirmou que enxerga um equ\u00edvoco do programa contra Sum\u00e9 e as demais cidades da regi\u00e3o referentes a alguns do par\u00e2metros analisados: \u201cEnquanto representante do CISCO irei a Bras\u00edlia, com o apoio da FAMUP e da AMCAP, para levarmos essa discuss\u00e3o para um patamar nacional. Enxergo um completo equ\u00edvoco em alguns do par\u00e2metros analisados,\u201d afirmou.<\/p>\n<p>&nbsp;<\/p>\n<p><strong>CARIRI EM A\u00c7\u00c3O<\/strong><\/p>\n<p>Com Para\u00edba Mix<\/p>\n","protected":false},"excerpt":{"rendered":"<p>O presidente do Cons\u00f3rcio Intermunicipal de Sa\u00fade do Cariri Ocidental e prefeito de Sum\u00e9, \u00c9den Duarte, afirmou atrav\u00e9s das redes sociais que ir\u00e1 \u00e0 Bras\u00edlia&hellip; <\/p>\n","protected":false},"author":6,"featured_media":212028,"comment_status":"closed","ping_status":"closed","sticky":false,"template":"","format":"standard","meta":{"sfsi_plus_gutenberg_text_before_share":"","sfsi_plus_gutenberg_show_text_before_share":"","sfsi_plus_gutenberg_icon_type":"","sfsi_plus_gutenberg_icon_alignemt":"","sfsi_plus_gutenburg_max_per_row":"","footnotes":""},"categories":[1],"tags":[],"class_list":["post-263753","post","type-post","status-publish","format-standard","has-post-thumbnail","hentry","category-o-site"],"_links":{"self":[{"href":"https:\/\/www.caririemacao.com\/1\/wp-json\/wp\/v2\/posts\/263753","targetHints":{"allow":["GET"]}}],"collection":[{"href":"https:\/\/www.caririemacao.com\/1\/wp-json\/wp\/v2\/posts"}],"about":[{"href":"https:\/\/www.caririemacao.com\/1\/wp-json\/wp\/v2\/types\/post"}],"author":[{"embeddable":true,"href":"https:\/\/www.caririemacao.com\/1\/wp-json\/wp\/v2\/users\/6"}],"replies":[{"embeddable":true,"href":"https:\/\/www.caririemacao.com\/1\/wp-json\/wp\/v2\/comments?post=263753"}],"version-history":[{"count":1,"href":"https:\/\/www.caririemacao.com\/1\/wp-json\/wp\/v2\/posts\/263753\/revisions"}],"predecessor-version":[{"id":263754,"href":"https:\/\/www.caririemacao.com\/1\/wp-json\/wp\/v2\/posts\/263753\/revisions\/263754"}],"wp:featuredmedia":[{"embeddable":true,"href":"https:\/\/www.caririemacao.com\/1\/wp-json\/wp\/v2\/media\/212028"}],"wp:attachment":[{"href":"https:\/\/www.caririemacao.com\/1\/wp-json\/wp\/v2\/media?parent=263753"}],"wp:term":[{"taxonomy":"category","embeddable":true,"href":"https:\/\/www.caririemacao.com\/1\/wp-json\/wp\/v2\/categories?post=263753"},{"taxonomy":"post_tag","embeddable":true,"href":"https:\/\/www.caririemacao.com\/1\/wp-json\/wp\/v2\/tags?post=263753"}],"curies":[{"name":"wp","href":"https:\/\/api.w.org\/{rel}","templated":true}]}}