{"id":263755,"date":"2023-02-24T10:51:50","date_gmt":"2023-02-24T13:51:50","guid":{"rendered":"https:\/\/www.caririemacao.com\/1\/?p=263755"},"modified":"2023-02-24T10:51:50","modified_gmt":"2023-02-24T13:51:50","slug":"prefeito-adriano-wolff-encaminha-mensagem-do-executivo-e-projeto-do-novo-piso-dos-professores-em-1a-sessao-da-camara-de-sao-sebastiao-do-umbuzeiro","status":"publish","type":"post","link":"https:\/\/www.caririemacao.com\/1\/2023\/02\/24\/prefeito-adriano-wolff-encaminha-mensagem-do-executivo-e-projeto-do-novo-piso-dos-professores-em-1a-sessao-da-camara-de-sao-sebastiao-do-umbuzeiro\/","title":{"rendered":"Prefeito Adriano Wolff encaminha mensagem do executivo e projeto do novo piso dos professores em 1\u00aa sess\u00e3o da C\u00e2mara de S\u00e3o Sebasti\u00e3o do Umbuzeiro"},"content":{"rendered":"<p style=\"font-weight: 400;\">O Prefeito de S\u00e3o Sebasti\u00e3o do Umbuzeiro Adriano Wolff participou na noite desta quinta feira, da 1\u00aa sess\u00e3o ordin\u00e1ria da C\u00e2mara do munic\u00edpio, realizada \u00e0s 19 e 30.<\/p>\n<p style=\"font-weight: 400;\">O prefeito, que esteve ao lado de secret\u00e1rios e diretores municipais, levou a tradicional mensagem do executivo, al\u00e9m de apresentar o projeto de reajuste do piso salarial dos professores do munic\u00edpio, que ser\u00e1 de 16,01%, maior inclusive do que o determinado em todo o pa\u00eds.<\/p>\n<p style=\"font-weight: 400;\">O projeto do executivo foi aprovado por unanimidade, e o prefeito refor\u00e7ou a import\u00e2ncia da parceria entre executivo e legislativo, sempre em busca de benef\u00edcios para a popula\u00e7\u00e3o s\u00e3o-sebastianense.<\/p>\n<p>&nbsp;<\/p>\n<p><strong>CARIRI EM A\u00c7\u00c3O<\/strong><\/p>\n<p>Com Blog do F\u00e1bio Brito<\/p>\n","protected":false},"excerpt":{"rendered":"<p>O Prefeito de S\u00e3o Sebasti\u00e3o do Umbuzeiro Adriano Wolff participou na noite desta quinta feira, da 1\u00aa sess\u00e3o ordin\u00e1ria da C\u00e2mara do munic\u00edpio, realizada \u00e0s&hellip; <\/p>\n","protected":false},"author":6,"featured_media":263756,"comment_status":"closed","ping_status":"closed","sticky":false,"template":"","format":"standard","meta":{"sfsi_plus_gutenberg_text_before_share":"","sfsi_plus_gutenberg_show_text_before_share":"","sfsi_plus_gutenberg_icon_type":"","sfsi_plus_gutenberg_icon_alignemt":"","sfsi_plus_gutenburg_max_per_row":"","footnotes":""},"categories":[92],"tags":[],"class_list":["post-263755","post","type-post","status-publish","format-standard","has-post-thumbnail","hentry","category-sao-sebastiao-do-umbuzeiro"],"_links":{"self":[{"href":"https:\/\/www.caririemacao.com\/1\/wp-json\/wp\/v2\/posts\/263755","targetHints":{"allow":["GET"]}}],"collection":[{"href":"https:\/\/www.caririemacao.com\/1\/wp-json\/wp\/v2\/posts"}],"about":[{"href":"https:\/\/www.caririemacao.com\/1\/wp-json\/wp\/v2\/types\/post"}],"author":[{"embeddable":true,"href":"https:\/\/www.caririemacao.com\/1\/wp-json\/wp\/v2\/users\/6"}],"replies":[{"embeddable":true,"href":"https:\/\/www.caririemacao.com\/1\/wp-json\/wp\/v2\/comments?post=263755"}],"version-history":[{"count":1,"href":"https:\/\/www.caririemacao.com\/1\/wp-json\/wp\/v2\/posts\/263755\/revisions"}],"predecessor-version":[{"id":263757,"href":"https:\/\/www.caririemacao.com\/1\/wp-json\/wp\/v2\/posts\/263755\/revisions\/263757"}],"wp:featuredmedia":[{"embeddable":true,"href":"https:\/\/www.caririemacao.com\/1\/wp-json\/wp\/v2\/media\/263756"}],"wp:attachment":[{"href":"https:\/\/www.caririemacao.com\/1\/wp-json\/wp\/v2\/media?parent=263755"}],"wp:term":[{"taxonomy":"category","embeddable":true,"href":"https:\/\/www.caririemacao.com\/1\/wp-json\/wp\/v2\/categories?post=263755"},{"taxonomy":"post_tag","embeddable":true,"href":"https:\/\/www.caririemacao.com\/1\/wp-json\/wp\/v2\/tags?post=263755"}],"curies":[{"name":"wp","href":"https:\/\/api.w.org\/{rel}","templated":true}]}}