{"id":263758,"date":"2023-02-24T10:53:01","date_gmt":"2023-02-24T13:53:01","guid":{"rendered":"https:\/\/www.caririemacao.com\/1\/?p=263758"},"modified":"2023-02-24T10:53:01","modified_gmt":"2023-02-24T13:53:01","slug":"programacao-da-20a-corrida-de-jegues-de-zabele-sera-divulgada-dia-03-de-marco","status":"publish","type":"post","link":"https:\/\/www.caririemacao.com\/1\/2023\/02\/24\/programacao-da-20a-corrida-de-jegues-de-zabele-sera-divulgada-dia-03-de-marco\/","title":{"rendered":"Programa\u00e7\u00e3o da 20\u00aa Corrida de Jegues de Zabel\u00ea ser\u00e1 divulgada dia 03 de mar\u00e7o"},"content":{"rendered":"<p style=\"font-weight: 400;\">A divulga\u00e7\u00e3o oficial das atra\u00e7\u00f5es da 20\u00aa Corrida de Jegues e festa de Emancipa\u00e7\u00e3o Pol\u00edtica de Zabel\u00ea acontecer\u00e1 na pr\u00f3xima sexta-feira (03) de mar\u00e7o \u00e0s 18h:00 no Instagram oficial do evento @corridadejeguezabele<\/p>\n<p style=\"font-weight: 400;\">De acordo com os organizadores, o maior desafio de fechar a programa\u00e7\u00e3o este ano foi a volta dos eventos em todo o Brasil fazendo com que a agenda dos artistas lotasse rapidamente dificultando encontrar datas dispon\u00edveis para abril.<\/p>\n<p style=\"font-weight: 400;\">Apesar da indisponibilidade de agendas, artistas de renome nacional foram contratados para a edi\u00e7\u00e3o de 2023 que promete muitas novidades. A Corrida de Jegues de Zabel\u00ea \u00e9 refer\u00eancia nacional no segmento e faz parte do calend\u00e1rio de eventos do estado da Para\u00edba.<\/p>\n<p style=\"font-weight: 400;\">Os shows acontecem de 28 a 30 de Abril. Todas as informa\u00e7\u00f5es oficiais do eventos ser\u00e3o divulgadas em: @corridadejeguezabele.<\/p>\n","protected":false},"excerpt":{"rendered":"<p>A divulga\u00e7\u00e3o oficial das atra\u00e7\u00f5es da 20\u00aa Corrida de Jegues e festa de Emancipa\u00e7\u00e3o Pol\u00edtica de Zabel\u00ea acontecer\u00e1 na pr\u00f3xima sexta-feira (03) de mar\u00e7o \u00e0s&hellip; <\/p>\n","protected":false},"author":6,"featured_media":263759,"comment_status":"closed","ping_status":"closed","sticky":false,"template":"","format":"standard","meta":{"sfsi_plus_gutenberg_text_before_share":"","sfsi_plus_gutenberg_show_text_before_share":"","sfsi_plus_gutenberg_icon_type":"","sfsi_plus_gutenberg_icon_alignemt":"","sfsi_plus_gutenburg_max_per_row":"","footnotes":""},"categories":[97],"tags":[],"class_list":["post-263758","post","type-post","status-publish","format-standard","has-post-thumbnail","hentry","category-zabele"],"_links":{"self":[{"href":"https:\/\/www.caririemacao.com\/1\/wp-json\/wp\/v2\/posts\/263758","targetHints":{"allow":["GET"]}}],"collection":[{"href":"https:\/\/www.caririemacao.com\/1\/wp-json\/wp\/v2\/posts"}],"about":[{"href":"https:\/\/www.caririemacao.com\/1\/wp-json\/wp\/v2\/types\/post"}],"author":[{"embeddable":true,"href":"https:\/\/www.caririemacao.com\/1\/wp-json\/wp\/v2\/users\/6"}],"replies":[{"embeddable":true,"href":"https:\/\/www.caririemacao.com\/1\/wp-json\/wp\/v2\/comments?post=263758"}],"version-history":[{"count":1,"href":"https:\/\/www.caririemacao.com\/1\/wp-json\/wp\/v2\/posts\/263758\/revisions"}],"predecessor-version":[{"id":263760,"href":"https:\/\/www.caririemacao.com\/1\/wp-json\/wp\/v2\/posts\/263758\/revisions\/263760"}],"wp:featuredmedia":[{"embeddable":true,"href":"https:\/\/www.caririemacao.com\/1\/wp-json\/wp\/v2\/media\/263759"}],"wp:attachment":[{"href":"https:\/\/www.caririemacao.com\/1\/wp-json\/wp\/v2\/media?parent=263758"}],"wp:term":[{"taxonomy":"category","embeddable":true,"href":"https:\/\/www.caririemacao.com\/1\/wp-json\/wp\/v2\/categories?post=263758"},{"taxonomy":"post_tag","embeddable":true,"href":"https:\/\/www.caririemacao.com\/1\/wp-json\/wp\/v2\/tags?post=263758"}],"curies":[{"name":"wp","href":"https:\/\/api.w.org\/{rel}","templated":true}]}}