{"id":263761,"date":"2023-02-24T15:20:11","date_gmt":"2023-02-24T18:20:11","guid":{"rendered":"https:\/\/www.caririemacao.com\/1\/?p=263761"},"modified":"2023-02-24T15:20:31","modified_gmt":"2023-02-24T18:20:31","slug":"em-camalau-prefeito-bira-mariano-decreta-luto-oficial-de-tres-em-dias-pelo-falecimento-da-senhora-zilda-brigido","status":"publish","type":"post","link":"https:\/\/www.caririemacao.com\/1\/2023\/02\/24\/em-camalau-prefeito-bira-mariano-decreta-luto-oficial-de-tres-em-dias-pelo-falecimento-da-senhora-zilda-brigido\/","title":{"rendered":"Em Camala\u00fa: prefeito Bira Mariano decreta luto oficial de tr\u00eas em dias pelo falecimento da senhora Zilda Br\u00edgido"},"content":{"rendered":"<p>O prefeito de Camala\u00fa, Bira Mariano, decretou na tarde desta sexta-feira (24), luto oficial de tr\u00eas dias pelo falecimento da senhora Zilda Br\u00edgido da Costa.<\/p>\n<p>Na oportunidade, o gestor destacou que Zilda prestou relevantes servi\u00e7os para o munic\u00edpio, em especial para o distrito do Pindur\u00e3o, onde deixou um legado de luta, trabalho e dedica\u00e7\u00e3o \u00e0 sua fam\u00edlia.<\/p>\n<p>\u201cEra uma senhora exemplar, onde sua fam\u00edlia participou da funda\u00e7\u00e3o do distrito do Pindur\u00e3o, da funda\u00e7\u00e3o da igreja do Pindur\u00e3o, e ela continou esse legado se dedicando ao bem p\u00fablico e participando ativamente das a\u00e7\u00f5es sociais voltadas a comunidade,\u201d disse o gestor.<\/p>\n","protected":false},"excerpt":{"rendered":"<p>O prefeito de Camala\u00fa, Bira Mariano, decretou na tarde desta sexta-feira (24), luto oficial de tr\u00eas dias pelo falecimento da senhora Zilda Br\u00edgido da Costa.&hellip; <\/p>\n","protected":false},"author":6,"featured_media":240104,"comment_status":"closed","ping_status":"closed","sticky":false,"template":"","format":"standard","meta":{"sfsi_plus_gutenberg_text_before_share":"","sfsi_plus_gutenberg_show_text_before_share":"","sfsi_plus_gutenberg_icon_type":"","sfsi_plus_gutenberg_icon_alignemt":"","sfsi_plus_gutenburg_max_per_row":"","footnotes":""},"categories":[71],"tags":[],"class_list":["post-263761","post","type-post","status-publish","format-standard","has-post-thumbnail","hentry","category-camalau"],"_links":{"self":[{"href":"https:\/\/www.caririemacao.com\/1\/wp-json\/wp\/v2\/posts\/263761","targetHints":{"allow":["GET"]}}],"collection":[{"href":"https:\/\/www.caririemacao.com\/1\/wp-json\/wp\/v2\/posts"}],"about":[{"href":"https:\/\/www.caririemacao.com\/1\/wp-json\/wp\/v2\/types\/post"}],"author":[{"embeddable":true,"href":"https:\/\/www.caririemacao.com\/1\/wp-json\/wp\/v2\/users\/6"}],"replies":[{"embeddable":true,"href":"https:\/\/www.caririemacao.com\/1\/wp-json\/wp\/v2\/comments?post=263761"}],"version-history":[{"count":1,"href":"https:\/\/www.caririemacao.com\/1\/wp-json\/wp\/v2\/posts\/263761\/revisions"}],"predecessor-version":[{"id":263762,"href":"https:\/\/www.caririemacao.com\/1\/wp-json\/wp\/v2\/posts\/263761\/revisions\/263762"}],"wp:featuredmedia":[{"embeddable":true,"href":"https:\/\/www.caririemacao.com\/1\/wp-json\/wp\/v2\/media\/240104"}],"wp:attachment":[{"href":"https:\/\/www.caririemacao.com\/1\/wp-json\/wp\/v2\/media?parent=263761"}],"wp:term":[{"taxonomy":"category","embeddable":true,"href":"https:\/\/www.caririemacao.com\/1\/wp-json\/wp\/v2\/categories?post=263761"},{"taxonomy":"post_tag","embeddable":true,"href":"https:\/\/www.caririemacao.com\/1\/wp-json\/wp\/v2\/tags?post=263761"}],"curies":[{"name":"wp","href":"https:\/\/api.w.org\/{rel}","templated":true}]}}