{"id":263763,"date":"2023-02-24T15:22:18","date_gmt":"2023-02-24T18:22:18","guid":{"rendered":"https:\/\/www.caririemacao.com\/1\/?p=263763"},"modified":"2023-02-24T15:22:18","modified_gmt":"2023-02-24T18:22:18","slug":"prefeito-paraibano-entra-na-mira-da-justica-suspeito-de-negociar-folga-de-servidores-em-troca-de-apoio","status":"publish","type":"post","link":"https:\/\/www.caririemacao.com\/1\/2023\/02\/24\/prefeito-paraibano-entra-na-mira-da-justica-suspeito-de-negociar-folga-de-servidores-em-troca-de-apoio\/","title":{"rendered":"Prefeito paraibano entra na mira da Justi\u00e7a suspeito de negociar folga de servidores em troca de apoio"},"content":{"rendered":"<p>O prefeito do munic\u00edpio de Sap\u00e9, Major Sidnei (Podemos), entrou na mira da Justi\u00e7a por suspeita de concess\u00e3o de folgas a servidores em troca de favorecimento pol\u00edtico.<\/p>\n<p>O caso est\u00e1 sendo apurado pelo\u00a0 Minist\u00e9rio P\u00fablico da Para\u00edba (MPPB), por meio da Promotoria de Sap\u00e9, que iniciou ainda \u00faltima semana um procedimento preparat\u00f3rio n\u00ba 064.2022.002751 para apurar o caso.<\/p>\n<p>A medida foi publicada na edi\u00e7\u00e3o dessa quinta-feira (23) do Di\u00e1rio Oficial Eletr\u00f4nico do Minist\u00e9rio P\u00fablico da Para\u00edba.<\/p>\n<p>A publica\u00e7\u00e3o n\u00e3o traz mais detalhes sobre como funcionaria o suposto esquema. O prefeito at\u00e9 agora n\u00e3o se manifestou sobre a den\u00fancia<\/p>\n<p><img fetchpriority=\"high\" decoding=\"async\" class=\"alignnone wp-image-731946 size-large pk-lqip lazyautosizes pk-lazyloaded\" src=\"https:\/\/pbagora.s3.amazonaws.com\/2023\/02\/24122429\/docsape-728x1024.jpeg\" sizes=\"680px\" srcset=\"https:\/\/pbagora.s3.amazonaws.com\/2023\/02\/24122429\/docsape-728x1024.jpeg 728w, https:\/\/pbagora.s3.amazonaws.com\/2023\/02\/24122429\/docsape-213x300.jpeg 213w, https:\/\/pbagora.s3.amazonaws.com\/2023\/02\/24122429\/docsape-107x150.jpeg 107w, https:\/\/pbagora.s3.amazonaws.com\/2023\/02\/24122429\/docsape-768x1080.jpeg 768w, https:\/\/pbagora.s3.amazonaws.com\/2023\/02\/24122429\/docsape-380x534.jpeg 380w, https:\/\/pbagora.s3.amazonaws.com\/2023\/02\/24122429\/docsape-800x1125.jpeg 800w, https:\/\/pbagora.s3.amazonaws.com\/2023\/02\/24122429\/docsape-80x112.jpeg 80w, https:\/\/pbagora.s3.amazonaws.com\/2023\/02\/24122429\/docsape-57x80.jpeg 57w, https:\/\/pbagora.s3.amazonaws.com\/2023\/02\/24122429\/docsape-760x1068.jpeg 760w, https:\/\/pbagora.s3.amazonaws.com\/2023\/02\/24122429\/docsape-427x600.jpeg 427w, https:\/\/pbagora.s3.amazonaws.com\/2023\/02\/24122429\/docsape.jpeg 971w\" alt=\"\" width=\"728\" height=\"1024\" data-pk-sizes=\"auto\" data-ls-sizes=\"(max-width: 728px) 100vw, 728px\" data-pk-src=\"https:\/\/pbagora.s3.amazonaws.com\/2023\/02\/24122429\/docsape-728x1024.jpeg\" data-pk-srcset=\"https:\/\/pbagora.s3.amazonaws.com\/2023\/02\/24122429\/docsape-728x1024.jpeg 728w, https:\/\/pbagora.s3.amazonaws.com\/2023\/02\/24122429\/docsape-213x300.jpeg 213w, https:\/\/pbagora.s3.amazonaws.com\/2023\/02\/24122429\/docsape-107x150.jpeg 107w, https:\/\/pbagora.s3.amazonaws.com\/2023\/02\/24122429\/docsape-768x1080.jpeg 768w, https:\/\/pbagora.s3.amazonaws.com\/2023\/02\/24122429\/docsape-380x534.jpeg 380w, https:\/\/pbagora.s3.amazonaws.com\/2023\/02\/24122429\/docsape-800x1125.jpeg 800w, https:\/\/pbagora.s3.amazonaws.com\/2023\/02\/24122429\/docsape-80x112.jpeg 80w, https:\/\/pbagora.s3.amazonaws.com\/2023\/02\/24122429\/docsape-57x80.jpeg 57w, https:\/\/pbagora.s3.amazonaws.com\/2023\/02\/24122429\/docsape-760x1068.jpeg 760w, https:\/\/pbagora.s3.amazonaws.com\/2023\/02\/24122429\/docsape-427x600.jpeg 427w, https:\/\/pbagora.s3.amazonaws.com\/2023\/02\/24122429\/docsape.jpeg 971w\" \/><\/p>\n<p>&nbsp;<\/p>\n<p>PB Agora<\/p>\n","protected":false},"excerpt":{"rendered":"<p>O prefeito do munic\u00edpio de Sap\u00e9, Major Sidnei (Podemos), entrou na mira da Justi\u00e7a por suspeita de concess\u00e3o de folgas a servidores em troca de&hellip; <\/p>\n","protected":false},"author":6,"featured_media":263764,"comment_status":"closed","ping_status":"closed","sticky":false,"template":"","format":"standard","meta":{"sfsi_plus_gutenberg_text_before_share":"","sfsi_plus_gutenberg_show_text_before_share":"","sfsi_plus_gutenberg_icon_type":"","sfsi_plus_gutenberg_icon_alignemt":"","sfsi_plus_gutenburg_max_per_row":"","footnotes":""},"categories":[104],"tags":[],"class_list":["post-263763","post","type-post","status-publish","format-standard","has-post-thumbnail","hentry","category-paraiba"],"_links":{"self":[{"href":"https:\/\/www.caririemacao.com\/1\/wp-json\/wp\/v2\/posts\/263763","targetHints":{"allow":["GET"]}}],"collection":[{"href":"https:\/\/www.caririemacao.com\/1\/wp-json\/wp\/v2\/posts"}],"about":[{"href":"https:\/\/www.caririemacao.com\/1\/wp-json\/wp\/v2\/types\/post"}],"author":[{"embeddable":true,"href":"https:\/\/www.caririemacao.com\/1\/wp-json\/wp\/v2\/users\/6"}],"replies":[{"embeddable":true,"href":"https:\/\/www.caririemacao.com\/1\/wp-json\/wp\/v2\/comments?post=263763"}],"version-history":[{"count":1,"href":"https:\/\/www.caririemacao.com\/1\/wp-json\/wp\/v2\/posts\/263763\/revisions"}],"predecessor-version":[{"id":263765,"href":"https:\/\/www.caririemacao.com\/1\/wp-json\/wp\/v2\/posts\/263763\/revisions\/263765"}],"wp:featuredmedia":[{"embeddable":true,"href":"https:\/\/www.caririemacao.com\/1\/wp-json\/wp\/v2\/media\/263764"}],"wp:attachment":[{"href":"https:\/\/www.caririemacao.com\/1\/wp-json\/wp\/v2\/media?parent=263763"}],"wp:term":[{"taxonomy":"category","embeddable":true,"href":"https:\/\/www.caririemacao.com\/1\/wp-json\/wp\/v2\/categories?post=263763"},{"taxonomy":"post_tag","embeddable":true,"href":"https:\/\/www.caririemacao.com\/1\/wp-json\/wp\/v2\/tags?post=263763"}],"curies":[{"name":"wp","href":"https:\/\/api.w.org\/{rel}","templated":true}]}}