{"id":263766,"date":"2023-02-24T16:55:29","date_gmt":"2023-02-24T19:55:29","guid":{"rendered":"https:\/\/www.caririemacao.com\/1\/?p=263766"},"modified":"2023-02-24T16:55:29","modified_gmt":"2023-02-24T19:55:29","slug":"prefeito-de-barra-de-sao-miguel-comemora-conclusao-de-pavimentacao-e-afirma-estamos-levando-dignidade-e-comodidade-aos-moradores","status":"publish","type":"post","link":"https:\/\/www.caririemacao.com\/1\/2023\/02\/24\/prefeito-de-barra-de-sao-miguel-comemora-conclusao-de-pavimentacao-e-afirma-estamos-levando-dignidade-e-comodidade-aos-moradores\/","title":{"rendered":"Prefeito de Barra de S\u00e3o Miguel comemora conclus\u00e3o de pavimenta\u00e7\u00e3o e afirma: &#8220;Estamos levando dignidade e comodidade aos moradores&#8221;"},"content":{"rendered":"<p>O prefeito de Barra de S\u00e3o Miguel, Jo\u00e3o Batista, anunciou atrav\u00e9s das redes sociais na tarde desta sexta-feira (24), a conclus\u00e3o da pavimenta\u00e7\u00e3o da rua Jo\u00e3o Pinto da Silva, que j\u00e1 est\u00e1 100% cal\u00e7ada.<\/p>\n<p>O prefeito informou que foram 2.500 metros de cal\u00e7amento, que levar\u00e3o mais dignidade e comodidade aos moradores.<\/p>\n<p>&#8220;Nossa gest\u00e3o segue empenhada em realizar a\u00e7\u00f5es em benef\u00edcio do nosso povo, estamos concluindo a pavimenta\u00e7\u00e3o em cal\u00e7amento da rua Jo\u00e3o Pinto de Silva, sendo mais de 2.500 metros em cal\u00e7ados, que levar\u00e3o mais dignidade e comodidade aos moradores,&#8221; falou o prefeito.<\/p>\n<p>&nbsp;<\/p>\n<p><strong>CARIRI EM A\u00c7\u00c3O<\/strong><\/p>\n","protected":false},"excerpt":{"rendered":"<p>O prefeito de Barra de S\u00e3o Miguel, Jo\u00e3o Batista, anunciou atrav\u00e9s das redes sociais na tarde desta sexta-feira (24), a conclus\u00e3o da pavimenta\u00e7\u00e3o da rua&hellip; <\/p>\n","protected":false},"author":6,"featured_media":263767,"comment_status":"closed","ping_status":"closed","sticky":false,"template":"","format":"standard","meta":{"sfsi_plus_gutenberg_text_before_share":"","sfsi_plus_gutenberg_show_text_before_share":"","sfsi_plus_gutenberg_icon_type":"","sfsi_plus_gutenberg_icon_alignemt":"","sfsi_plus_gutenburg_max_per_row":"","footnotes":""},"categories":[106],"tags":[],"class_list":["post-263766","post","type-post","status-publish","format-standard","has-post-thumbnail","hentry","category-cariri"],"_links":{"self":[{"href":"https:\/\/www.caririemacao.com\/1\/wp-json\/wp\/v2\/posts\/263766","targetHints":{"allow":["GET"]}}],"collection":[{"href":"https:\/\/www.caririemacao.com\/1\/wp-json\/wp\/v2\/posts"}],"about":[{"href":"https:\/\/www.caririemacao.com\/1\/wp-json\/wp\/v2\/types\/post"}],"author":[{"embeddable":true,"href":"https:\/\/www.caririemacao.com\/1\/wp-json\/wp\/v2\/users\/6"}],"replies":[{"embeddable":true,"href":"https:\/\/www.caririemacao.com\/1\/wp-json\/wp\/v2\/comments?post=263766"}],"version-history":[{"count":1,"href":"https:\/\/www.caririemacao.com\/1\/wp-json\/wp\/v2\/posts\/263766\/revisions"}],"predecessor-version":[{"id":263768,"href":"https:\/\/www.caririemacao.com\/1\/wp-json\/wp\/v2\/posts\/263766\/revisions\/263768"}],"wp:featuredmedia":[{"embeddable":true,"href":"https:\/\/www.caririemacao.com\/1\/wp-json\/wp\/v2\/media\/263767"}],"wp:attachment":[{"href":"https:\/\/www.caririemacao.com\/1\/wp-json\/wp\/v2\/media?parent=263766"}],"wp:term":[{"taxonomy":"category","embeddable":true,"href":"https:\/\/www.caririemacao.com\/1\/wp-json\/wp\/v2\/categories?post=263766"},{"taxonomy":"post_tag","embeddable":true,"href":"https:\/\/www.caririemacao.com\/1\/wp-json\/wp\/v2\/tags?post=263766"}],"curies":[{"name":"wp","href":"https:\/\/api.w.org\/{rel}","templated":true}]}}