{"id":263777,"date":"2023-02-25T08:35:57","date_gmt":"2023-02-25T11:35:57","guid":{"rendered":"https:\/\/www.caririemacao.com\/1\/?p=263777"},"modified":"2023-02-25T08:35:57","modified_gmt":"2023-02-25T11:35:57","slug":"moraes-manda-suspender-eventuais-visitas-a-presos-pelos-atos-extremistas-de-8-de-janeiro","status":"publish","type":"post","link":"https:\/\/www.caririemacao.com\/1\/2023\/02\/25\/moraes-manda-suspender-eventuais-visitas-a-presos-pelos-atos-extremistas-de-8-de-janeiro\/","title":{"rendered":"Moraes manda suspender eventuais visitas a presos pelos atos extremistas de 8 de janeiro"},"content":{"rendered":"<div class=\"mb-5 mb-lg-6\">\n<header class=\"toolkit-heading\">\n<div class=\"heading-title\">\n<p class=\"toolkit-subtitle mt-5\"><em><strong>Segundo o MPF, metade das 1.400 pessoas presas pelos atos contra as sedes dos Tr\u00eas Poderes recebeu o Aux\u00edlio Emergencial<\/strong><\/em><\/p>\n<p>O ministro Alexandre de Moraes, do Supremo Tribunal Federal (STF), determinou que a Vara de Execu\u00e7\u00f5es Penais do Distrito Federal revogue eventuais autoriza\u00e7\u00f5es de visitas aos presos em raz\u00e3o dos atos extremistas ocorridos em 8 de janeiro nas sedes dos Tr\u00eas Poderes. O ministro disse ainda que somente a Corte pode autorizar tais visitas.<\/p>\n<p>&#8220;As investiga\u00e7\u00f5es que est\u00e3o sendo realizadas, bem como as dilig\u00eancias que se encontram em curso, tramitam nesta Corte sob sigilo, raz\u00e3o pela qual quaisquer requerimentos formulados que estejam relacionados \u00e0s pris\u00f5es efetivadas em raz\u00e3o dos fatos ocorridos em 8 de janeiro de 2023 dever\u00e3o ser remetidos diretamente a este relator&#8221;, disse.<\/p>\n<p>A decis\u00e3o, que est\u00e1 em segredo de Justi\u00e7a, ocorreu ap\u00f3s a Vara de Execu\u00e7\u00f5es Penais informar a exist\u00eancia de pedidos feitos pelo deputado federal Nikolas Ferreira (PL-MG) e pelo senador Cleitinho Azevedo (Republicanos-MG), que solicitam autoriza\u00e7\u00e3o para coleta de pelo menos seis depoimentos de pessoas presas dentro da Penitenci\u00e1ria Feminina do Distrito Federal, em sistema audiovisual, ao argumento de que tencionam apurar den\u00fancias de supostas irregularidades relacionadas \u00e0s pris\u00f5es efetuadas por determina\u00e7\u00e3o do Supremo.<\/p>\n<p>Mapeamento realizado pelo Minist\u00e9rio P\u00fablico Federal (MPF) apurou que\u00a0metade das 1.400 pessoas presas por conta dos atos criminosos contra as sedes dos Tr\u00eas Poderes recebeu o Aux\u00edlio Emergencial do governo federal.<\/p>\n<p>O levantamento aponta ainda que mil presos por envolvimento nos atos extremistas de 8 de janeiro continuam \u00e0 disposi\u00e7\u00e3o do Judici\u00e1rio em dois pres\u00eddios do Distrito Federal. Os demais cumprem medidas em domic\u00edlio.<\/p>\n<p>Ainda de acordo com os dados divulgados pelo Minist\u00e9rio P\u00fablico, menos de um quinto possui filia\u00e7\u00e3o partid\u00e1ria, e h\u00e1 pessoas que se candidataram em elei\u00e7\u00f5es passadas ou forneceram servi\u00e7os para campanhas pol\u00edticas.<\/p>\n<p>FONTE: Portal Correio<\/p>\n<\/div>\n<\/header>\n<\/div>\n","protected":false},"excerpt":{"rendered":"<p>Segundo o MPF, metade das 1.400 pessoas presas pelos atos contra as sedes dos Tr\u00eas Poderes recebeu o Aux\u00edlio Emergencial O ministro Alexandre de Moraes,&hellip; <\/p>\n","protected":false},"author":6,"featured_media":263778,"comment_status":"closed","ping_status":"closed","sticky":false,"template":"","format":"standard","meta":{"sfsi_plus_gutenberg_text_before_share":"","sfsi_plus_gutenberg_show_text_before_share":"","sfsi_plus_gutenberg_icon_type":"","sfsi_plus_gutenberg_icon_alignemt":"","sfsi_plus_gutenburg_max_per_row":"","footnotes":""},"categories":[50],"tags":[],"class_list":["post-263777","post","type-post","status-publish","format-standard","has-post-thumbnail","hentry","category-destaque"],"_links":{"self":[{"href":"https:\/\/www.caririemacao.com\/1\/wp-json\/wp\/v2\/posts\/263777","targetHints":{"allow":["GET"]}}],"collection":[{"href":"https:\/\/www.caririemacao.com\/1\/wp-json\/wp\/v2\/posts"}],"about":[{"href":"https:\/\/www.caririemacao.com\/1\/wp-json\/wp\/v2\/types\/post"}],"author":[{"embeddable":true,"href":"https:\/\/www.caririemacao.com\/1\/wp-json\/wp\/v2\/users\/6"}],"replies":[{"embeddable":true,"href":"https:\/\/www.caririemacao.com\/1\/wp-json\/wp\/v2\/comments?post=263777"}],"version-history":[{"count":1,"href":"https:\/\/www.caririemacao.com\/1\/wp-json\/wp\/v2\/posts\/263777\/revisions"}],"predecessor-version":[{"id":263779,"href":"https:\/\/www.caririemacao.com\/1\/wp-json\/wp\/v2\/posts\/263777\/revisions\/263779"}],"wp:featuredmedia":[{"embeddable":true,"href":"https:\/\/www.caririemacao.com\/1\/wp-json\/wp\/v2\/media\/263778"}],"wp:attachment":[{"href":"https:\/\/www.caririemacao.com\/1\/wp-json\/wp\/v2\/media?parent=263777"}],"wp:term":[{"taxonomy":"category","embeddable":true,"href":"https:\/\/www.caririemacao.com\/1\/wp-json\/wp\/v2\/categories?post=263777"},{"taxonomy":"post_tag","embeddable":true,"href":"https:\/\/www.caririemacao.com\/1\/wp-json\/wp\/v2\/tags?post=263777"}],"curies":[{"name":"wp","href":"https:\/\/api.w.org\/{rel}","templated":true}]}}