{"id":263780,"date":"2023-02-25T08:38:00","date_gmt":"2023-02-25T11:38:00","guid":{"rendered":"https:\/\/www.caririemacao.com\/1\/?p=263780"},"modified":"2023-02-25T08:38:00","modified_gmt":"2023-02-25T11:38:00","slug":"exercito-cumpre-ordem-da-cgu-e-retira-sigilo-de-processo-de-pazuello","status":"publish","type":"post","link":"https:\/\/www.caririemacao.com\/1\/2023\/02\/25\/exercito-cumpre-ordem-da-cgu-e-retira-sigilo-de-processo-de-pazuello\/","title":{"rendered":"Ex\u00e9rcito cumpre ordem da CGU e retira sigilo de processo de Pazuello"},"content":{"rendered":"<header class=\"pg-newDetail__header\">\n<div class=\"gs-container\">\n<div class=\"pg-newDetail__header__content\">\n<p class=\"pg-newDetail__resume\"><em><strong>O Ex\u00e9rcito forneceu o processo a ve\u00edculos de comunica\u00e7\u00e3o que haviam pedido o acesso aos autos via Lei de Acesso \u00e0 Informa\u00e7\u00e3o (LAI).<\/strong><\/em><\/p>\n<\/div>\n<\/div>\n<\/header>\n<div class=\"pg-newDetail__main gs-container\">\n<p>Uma semana depois da determina\u00e7\u00e3o da Controladoria-Geral da Uni\u00e3o (CGU), o Ex\u00e9rcito divulgou a defesa do processo administrativo contra o general, ex-ministro da Sa\u00fade e atual deputado federal Eduardo Pazuello. Ele foi alvo de investiga\u00e7\u00e3o disciplinar por ter participado de ato pol\u00edtico ao lado do ex-presidente Jair Bolsonaro em 2021.<\/p>\n<p>O Ex\u00e9rcito forneceu o processo a ve\u00edculos de comunica\u00e7\u00e3o que haviam pedido o acesso aos autos via Lei de Acesso \u00e0 Informa\u00e7\u00e3o (LAI). O\u00a0documento, de 17 p\u00e1ginas relata a defesa de Pazuello e a resposta do ent\u00e3o comandante-geral do Ex\u00e9rcito e ex-ministro da Defesa Paulo Sergio Nogueira.<\/p>\n<p>A libera\u00e7\u00e3o do processo foi poss\u00edvel porque a CGU reverteu o sigilo de 100 anos sobre os autos, imposto pelo governo anterior. Desde 2021, o Ex\u00e9rcito se negava a fornecer o documento a quem pedia acesso com base na LAI.<\/p>\n<p>Em maio de 2021, num momento em que o pa\u00eds ainda enfrentava um dos piores momentos da pandemia de covid-19, Pazuello participou de uma motociata no Rio de Janeiro e discursou num trio el\u00e9trico acompanhado de Bolsonaro. Embora o c\u00f3digo de conduta militar impe\u00e7a a participa\u00e7\u00e3o de militares da ativa em atos de car\u00e1ter pol\u00edtico-partid\u00e1rio sem autoriza\u00e7\u00e3o do Comando, o ex-ministro da Sa\u00fade foi absolvido de infra\u00e7\u00e3o disciplinar.<\/p>\n<p>FONTE: Click PB<\/p>\n<p>&nbsp;<\/p>\n<\/div>\n","protected":false},"excerpt":{"rendered":"<p>O Ex\u00e9rcito forneceu o processo a ve\u00edculos de comunica\u00e7\u00e3o que haviam pedido o acesso aos autos via Lei de Acesso \u00e0 Informa\u00e7\u00e3o (LAI). Uma semana&hellip; <\/p>\n","protected":false},"author":6,"featured_media":263781,"comment_status":"closed","ping_status":"closed","sticky":false,"template":"","format":"standard","meta":{"sfsi_plus_gutenberg_text_before_share":"","sfsi_plus_gutenberg_show_text_before_share":"","sfsi_plus_gutenberg_icon_type":"","sfsi_plus_gutenberg_icon_alignemt":"","sfsi_plus_gutenburg_max_per_row":"","footnotes":""},"categories":[50],"tags":[],"class_list":["post-263780","post","type-post","status-publish","format-standard","has-post-thumbnail","hentry","category-destaque"],"_links":{"self":[{"href":"https:\/\/www.caririemacao.com\/1\/wp-json\/wp\/v2\/posts\/263780","targetHints":{"allow":["GET"]}}],"collection":[{"href":"https:\/\/www.caririemacao.com\/1\/wp-json\/wp\/v2\/posts"}],"about":[{"href":"https:\/\/www.caririemacao.com\/1\/wp-json\/wp\/v2\/types\/post"}],"author":[{"embeddable":true,"href":"https:\/\/www.caririemacao.com\/1\/wp-json\/wp\/v2\/users\/6"}],"replies":[{"embeddable":true,"href":"https:\/\/www.caririemacao.com\/1\/wp-json\/wp\/v2\/comments?post=263780"}],"version-history":[{"count":1,"href":"https:\/\/www.caririemacao.com\/1\/wp-json\/wp\/v2\/posts\/263780\/revisions"}],"predecessor-version":[{"id":263782,"href":"https:\/\/www.caririemacao.com\/1\/wp-json\/wp\/v2\/posts\/263780\/revisions\/263782"}],"wp:featuredmedia":[{"embeddable":true,"href":"https:\/\/www.caririemacao.com\/1\/wp-json\/wp\/v2\/media\/263781"}],"wp:attachment":[{"href":"https:\/\/www.caririemacao.com\/1\/wp-json\/wp\/v2\/media?parent=263780"}],"wp:term":[{"taxonomy":"category","embeddable":true,"href":"https:\/\/www.caririemacao.com\/1\/wp-json\/wp\/v2\/categories?post=263780"},{"taxonomy":"post_tag","embeddable":true,"href":"https:\/\/www.caririemacao.com\/1\/wp-json\/wp\/v2\/tags?post=263780"}],"curies":[{"name":"wp","href":"https:\/\/api.w.org\/{rel}","templated":true}]}}