{"id":263786,"date":"2023-02-25T10:10:30","date_gmt":"2023-02-25T13:10:30","guid":{"rendered":"https:\/\/www.caririemacao.com\/1\/?p=263786"},"modified":"2023-02-25T10:10:30","modified_gmt":"2023-02-25T13:10:30","slug":"vereadores-participam-da-entrega-de-novos-equipamentos-e-da-reforma-no-predio-da-clinica-de-fisioterapia-em-sume","status":"publish","type":"post","link":"https:\/\/www.caririemacao.com\/1\/2023\/02\/25\/vereadores-participam-da-entrega-de-novos-equipamentos-e-da-reforma-no-predio-da-clinica-de-fisioterapia-em-sume\/","title":{"rendered":"Vereadores participam da entrega de novos equipamentos e da reforma no pr\u00e9dio da Cl\u00ednica de Fisioterapia em Sum\u00e9"},"content":{"rendered":"<p>O presidente da C\u00e2mara de Vereadores de Sum\u00e9, Daniel L\u00eala, esteve ao lado dos vereadores Bomba e Crist\u00f3v\u00e3o participando nesta sexta-feira da entrega de novis equipamentos e da reforma no pr\u00e9dio da Cl\u00ednica de Fisioterapia Municipal.<\/p>\n<p>Na ocasi\u00e3o, o prefeito \u00c9den Duarte, entregou as melhorias no espa\u00e7o que ir\u00e3o proporcionar um melhor atendimento para a popula\u00e7\u00e3o e melhores condi\u00e7\u00f5es de trabalho para os seus colaboradores.<\/p>\n<p>A Cl\u00ednica de Fisioterapia funciona na Rua Ant\u00f4nio Rodrigues dos Santos ( Cal\u00e7ad\u00e3o), e funciona de segunda \u00e0 quinta-feira pela manh\u00e3 e tarde e na sexta-feira somente pela manh\u00e3.<\/p>\n<p>Ascom\/C\u00e2mara<\/p>\n","protected":false},"excerpt":{"rendered":"<p>O presidente da C\u00e2mara de Vereadores de Sum\u00e9, Daniel L\u00eala, esteve ao lado dos vereadores Bomba e Crist\u00f3v\u00e3o participando nesta sexta-feira da entrega de novis&hellip; <\/p>\n","protected":false},"author":6,"featured_media":263787,"comment_status":"closed","ping_status":"closed","sticky":false,"template":"","format":"standard","meta":{"sfsi_plus_gutenberg_text_before_share":"","sfsi_plus_gutenberg_show_text_before_share":"","sfsi_plus_gutenberg_icon_type":"","sfsi_plus_gutenberg_icon_alignemt":"","sfsi_plus_gutenburg_max_per_row":"","footnotes":""},"categories":[1],"tags":[],"class_list":["post-263786","post","type-post","status-publish","format-standard","has-post-thumbnail","hentry","category-o-site"],"_links":{"self":[{"href":"https:\/\/www.caririemacao.com\/1\/wp-json\/wp\/v2\/posts\/263786","targetHints":{"allow":["GET"]}}],"collection":[{"href":"https:\/\/www.caririemacao.com\/1\/wp-json\/wp\/v2\/posts"}],"about":[{"href":"https:\/\/www.caririemacao.com\/1\/wp-json\/wp\/v2\/types\/post"}],"author":[{"embeddable":true,"href":"https:\/\/www.caririemacao.com\/1\/wp-json\/wp\/v2\/users\/6"}],"replies":[{"embeddable":true,"href":"https:\/\/www.caririemacao.com\/1\/wp-json\/wp\/v2\/comments?post=263786"}],"version-history":[{"count":1,"href":"https:\/\/www.caririemacao.com\/1\/wp-json\/wp\/v2\/posts\/263786\/revisions"}],"predecessor-version":[{"id":263788,"href":"https:\/\/www.caririemacao.com\/1\/wp-json\/wp\/v2\/posts\/263786\/revisions\/263788"}],"wp:featuredmedia":[{"embeddable":true,"href":"https:\/\/www.caririemacao.com\/1\/wp-json\/wp\/v2\/media\/263787"}],"wp:attachment":[{"href":"https:\/\/www.caririemacao.com\/1\/wp-json\/wp\/v2\/media?parent=263786"}],"wp:term":[{"taxonomy":"category","embeddable":true,"href":"https:\/\/www.caririemacao.com\/1\/wp-json\/wp\/v2\/categories?post=263786"},{"taxonomy":"post_tag","embeddable":true,"href":"https:\/\/www.caririemacao.com\/1\/wp-json\/wp\/v2\/tags?post=263786"}],"curies":[{"name":"wp","href":"https:\/\/api.w.org\/{rel}","templated":true}]}}