{"id":263791,"date":"2023-02-25T10:13:23","date_gmt":"2023-02-25T13:13:23","guid":{"rendered":"https:\/\/www.caririemacao.com\/1\/?p=263791"},"modified":"2023-02-25T10:13:23","modified_gmt":"2023-02-25T13:13:23","slug":"prefeitura-de-sao-joao-do-tigre-contrata-banca-para-realizacao-de-concurso-publico","status":"publish","type":"post","link":"https:\/\/www.caririemacao.com\/1\/2023\/02\/25\/prefeitura-de-sao-joao-do-tigre-contrata-banca-para-realizacao-de-concurso-publico\/","title":{"rendered":"Prefeitura de S\u00e3o Jo\u00e3o do Tigre contrata banca para realiza\u00e7\u00e3o de concurso p\u00fablico"},"content":{"rendered":"<p>A Prefeitura de S\u00e3o Jo\u00e3o do Tigre contratou a banca que ficar\u00e1 respons\u00e1vel pela realiza\u00e7\u00e3o\u00a0de um\u00a0concurso p\u00fablico. A contrata\u00e7\u00e3o foi com dispensa de licita\u00e7\u00e3o.<\/p>\n<p>Conforme apurou a reportagem, a empresa escolhida foi a Apice Consultorias e Capacita\u00e7\u00f5es Eireli, no valor de R$ 12 mil.<\/p>\n<p>O certame \u00e9 para o preenchimento de vagas tempor\u00e1rias para os cargos p\u00fablicos no quadro de pessoal da Prefeitura.<\/p>\n<figure class=\"wp-block-image\"><a href=\"https:\/\/i1.wp.com\/deolhonocariri.com.br\/wp-content\/uploads\/2023\/02\/tigre.png?resize=683%2C270&amp;ssl=1\" data-slb-active=\"1\" data-slb-asset=\"210132096\" data-slb-group=\"67999\"><img decoding=\"async\" class=\"wp-image-118574 lazyload\" data-src=\"https:\/\/i1.wp.com\/deolhonocariri.com.br\/wp-content\/uploads\/2023\/02\/tigre.png?resize=683%2C270&amp;ssl=1\" alt=\"\" src=\"data:image\/svg+xml;base64,PHN2ZyB3aWR0aD0iMSIgaGVpZ2h0PSIxIiB4bWxucz0iaHR0cDovL3d3dy53My5vcmcvMjAwMC9zdmciPjwvc3ZnPg==\" \/><\/a><\/figure>\n","protected":false},"excerpt":{"rendered":"<p>A Prefeitura de S\u00e3o Jo\u00e3o do Tigre contratou a banca que ficar\u00e1 respons\u00e1vel pela realiza\u00e7\u00e3o\u00a0de um\u00a0concurso p\u00fablico. A contrata\u00e7\u00e3o foi com dispensa de licita\u00e7\u00e3o. Conforme&hellip; <\/p>\n","protected":false},"author":6,"featured_media":248026,"comment_status":"closed","ping_status":"closed","sticky":false,"template":"","format":"standard","meta":{"sfsi_plus_gutenberg_text_before_share":"","sfsi_plus_gutenberg_show_text_before_share":"","sfsi_plus_gutenberg_icon_type":"","sfsi_plus_gutenberg_icon_alignemt":"","sfsi_plus_gutenburg_max_per_row":"","footnotes":""},"categories":[89],"tags":[],"class_list":["post-263791","post","type-post","status-publish","format-standard","has-post-thumbnail","hentry","category-sao-joao-do-tigre"],"_links":{"self":[{"href":"https:\/\/www.caririemacao.com\/1\/wp-json\/wp\/v2\/posts\/263791","targetHints":{"allow":["GET"]}}],"collection":[{"href":"https:\/\/www.caririemacao.com\/1\/wp-json\/wp\/v2\/posts"}],"about":[{"href":"https:\/\/www.caririemacao.com\/1\/wp-json\/wp\/v2\/types\/post"}],"author":[{"embeddable":true,"href":"https:\/\/www.caririemacao.com\/1\/wp-json\/wp\/v2\/users\/6"}],"replies":[{"embeddable":true,"href":"https:\/\/www.caririemacao.com\/1\/wp-json\/wp\/v2\/comments?post=263791"}],"version-history":[{"count":1,"href":"https:\/\/www.caririemacao.com\/1\/wp-json\/wp\/v2\/posts\/263791\/revisions"}],"predecessor-version":[{"id":263792,"href":"https:\/\/www.caririemacao.com\/1\/wp-json\/wp\/v2\/posts\/263791\/revisions\/263792"}],"wp:featuredmedia":[{"embeddable":true,"href":"https:\/\/www.caririemacao.com\/1\/wp-json\/wp\/v2\/media\/248026"}],"wp:attachment":[{"href":"https:\/\/www.caririemacao.com\/1\/wp-json\/wp\/v2\/media?parent=263791"}],"wp:term":[{"taxonomy":"category","embeddable":true,"href":"https:\/\/www.caririemacao.com\/1\/wp-json\/wp\/v2\/categories?post=263791"},{"taxonomy":"post_tag","embeddable":true,"href":"https:\/\/www.caririemacao.com\/1\/wp-json\/wp\/v2\/tags?post=263791"}],"curies":[{"name":"wp","href":"https:\/\/api.w.org\/{rel}","templated":true}]}}