{"id":263826,"date":"2023-02-27T09:12:53","date_gmt":"2023-02-27T12:12:53","guid":{"rendered":"https:\/\/www.caririemacao.com\/1\/?p=263826"},"modified":"2023-02-27T09:12:53","modified_gmt":"2023-02-27T12:12:53","slug":"lula-decide-ate-terca-fim-do-prazo-da-isencao-do-pis-cofins-sobre-retomada-da-cobranca-de-impostos-federais-nos-combustiveis","status":"publish","type":"post","link":"https:\/\/www.caririemacao.com\/1\/2023\/02\/27\/lula-decide-ate-terca-fim-do-prazo-da-isencao-do-pis-cofins-sobre-retomada-da-cobranca-de-impostos-federais-nos-combustiveis\/","title":{"rendered":"Lula decide at\u00e9 ter\u00e7a, fim do prazo da isen\u00e7\u00e3o do PIS\/Cofins, sobre retomada da cobran\u00e7a de impostos federais nos combust\u00edveis"},"content":{"rendered":"<p><em><strong>Fernando Haddad, Ministro da Fazenda, defende reonera\u00e7\u00e3o da gasolina e \u00e1lcool, ideia combatida pelo partido.<\/strong><\/em><\/p>\n<p>Perto de completar dois meses, o governo de Luiz In\u00e1cio Lula da Silva exp\u00f5e uma disputa ruidosa na sua \u00e1rea mais sens\u00edvel. Em manifesta\u00e7\u00f5es p\u00fablicas nos \u00faltimos dias, o PT e l\u00edderes da legenda no Congresso fizeram coro contra a retomada da cobran\u00e7a de impostos federais nos combust\u00edveis e por uma nova pol\u00edtica de pre\u00e7os para a Petrobras. A press\u00e3o petista atinge em cheio o principal ministro da legenda na Esplanada. O titular da Fazenda, Fernando Haddad, que defende a reonera\u00e7\u00e3o. E, por tabela, o presidente da Petrobras, o tamb\u00e9m petista Jean Paul Prates.<\/p>\n<p>Lula deve arbitrar a decis\u00e3o, que tem de ser tomada at\u00e9 ter\u00e7a-feira, 28, quando termina o prazo da isen\u00e7\u00e3o do PIS\/Cofins para gasolina e \u00e1lcool. O tamanho do ministro da Fazenda no governo ser\u00e1 medido at\u00e9 l\u00e1. A equipe econ\u00f4mica argumenta n\u00e3o haver espa\u00e7o fiscal para a manuten\u00e7\u00e3o da desonera\u00e7\u00e3o sobre combust\u00edveis. A prorroga\u00e7\u00e3o da medida custaria R$ 28,8 bilh\u00f5es aos cofres p\u00fablicos at\u00e9 o fim do ano. Haddad, que declarou no discurso de posse ser o \u201cpatinho feio\u201d da Esplanada, corre o risco de fazer valer sua profecia e colher sua terceira derrota em dois meses.<\/p>\n<p>No fim do ano passado, o ministro brigou pelo fim da isen\u00e7\u00e3o de PIS\/Cofins sobre gasolina e \u00e1lcool, mas foi vencido pelo n\u00facleo pol\u00edtico. No dia 1.\u00ba de janeiro, Lula prorrogou a medida por dois meses. Outra derrota sofrida pelo ministro foi em rela\u00e7\u00e3o \u00e0 corre\u00e7\u00e3o da tabela do Imposto de Renda. Haddad defendia a ado\u00e7\u00e3o da medida em 2024. Lula, por\u00e9m, anunciou agora a corre\u00e7\u00e3o, juntamente com o reajuste do sal\u00e1rio m\u00ednimo para R$ 1.320, em maio.<\/p>\n<p>Nas duas ocasi\u00f5es os movimentos de Lula foram antecipados em posts da presidente do PT, Gleisi Hoffmann, no Twitter. Enquanto Haddad representava o Brasil no encontro do G-20, na \u00cdndia, Gleisi e outros l\u00edderes petistas recorreram \u00e0s redes sociais para minar a ideia de reonera\u00e7\u00e3o, que, na pr\u00e1tica, significa aumento no pre\u00e7o dos combust\u00edveis na bomba. O temor de setores do PT e da ala pol\u00edtica do governo \u00e9 de que a alta dos pre\u00e7os no primeiro ano de governo possa atingir fortemente a popularidade de Lula e reacender a polariza\u00e7\u00e3o radical da pol\u00edtica nas ruas e no Congresso.<\/p>\n<div class=\"texto\"><strong>Rea\u00e7\u00e3o<\/strong><\/div>\n<div id=\"gdfp_3\" class=\"intext-ads\" data-gdfp-slot=\"3\" data-google-query-id=\"CNuCldTEs_0CFYQyuQYd-qUF6A\">\n<div id=\"google_ads_iframe_\/1009826\/odia\/economia_conteudo_quadrado03_0__container__\"><\/div>\n<\/div>\n<div class=\"texto\">\n<p data-fetch=\"true\">Na sexta-feira, 24,\u00a0a presidente do PT escreveu: \u201cN\u00e3o somos contra taxar combust\u00edveis, mas fazer isso agora \u00e9 penalizar o consumidor, gerar mais infla\u00e7\u00e3o e descumprir compromisso de campanha\u201d. Era uma resposta \u00e0 entrevista do n\u00famero dois de Haddad ao Estad\u00e3o, Gabriel Gal\u00edpolo, na qual ele defendeu a reonera\u00e7\u00e3o. Pela proximidade com Lula, o que Gleisi manifesta \u00e9 lido na pol\u00edtica como recado do pr\u00f3prio presidente.<\/p>\n<p data-fetch=\"true\">FONTE: WSCOM<\/p>\n<\/div>\n","protected":false},"excerpt":{"rendered":"<p>Fernando Haddad, Ministro da Fazenda, defende reonera\u00e7\u00e3o da gasolina e \u00e1lcool, ideia combatida pelo partido. Perto de completar dois meses, o governo de Luiz In\u00e1cio&hellip; <\/p>\n","protected":false},"author":6,"featured_media":263827,"comment_status":"closed","ping_status":"closed","sticky":false,"template":"","format":"standard","meta":{"sfsi_plus_gutenberg_text_before_share":"","sfsi_plus_gutenberg_show_text_before_share":"","sfsi_plus_gutenberg_icon_type":"","sfsi_plus_gutenberg_icon_alignemt":"","sfsi_plus_gutenburg_max_per_row":"","footnotes":""},"categories":[50],"tags":[],"class_list":["post-263826","post","type-post","status-publish","format-standard","has-post-thumbnail","hentry","category-destaque"],"_links":{"self":[{"href":"https:\/\/www.caririemacao.com\/1\/wp-json\/wp\/v2\/posts\/263826","targetHints":{"allow":["GET"]}}],"collection":[{"href":"https:\/\/www.caririemacao.com\/1\/wp-json\/wp\/v2\/posts"}],"about":[{"href":"https:\/\/www.caririemacao.com\/1\/wp-json\/wp\/v2\/types\/post"}],"author":[{"embeddable":true,"href":"https:\/\/www.caririemacao.com\/1\/wp-json\/wp\/v2\/users\/6"}],"replies":[{"embeddable":true,"href":"https:\/\/www.caririemacao.com\/1\/wp-json\/wp\/v2\/comments?post=263826"}],"version-history":[{"count":1,"href":"https:\/\/www.caririemacao.com\/1\/wp-json\/wp\/v2\/posts\/263826\/revisions"}],"predecessor-version":[{"id":263828,"href":"https:\/\/www.caririemacao.com\/1\/wp-json\/wp\/v2\/posts\/263826\/revisions\/263828"}],"wp:featuredmedia":[{"embeddable":true,"href":"https:\/\/www.caririemacao.com\/1\/wp-json\/wp\/v2\/media\/263827"}],"wp:attachment":[{"href":"https:\/\/www.caririemacao.com\/1\/wp-json\/wp\/v2\/media?parent=263826"}],"wp:term":[{"taxonomy":"category","embeddable":true,"href":"https:\/\/www.caririemacao.com\/1\/wp-json\/wp\/v2\/categories?post=263826"},{"taxonomy":"post_tag","embeddable":true,"href":"https:\/\/www.caririemacao.com\/1\/wp-json\/wp\/v2\/tags?post=263826"}],"curies":[{"name":"wp","href":"https:\/\/api.w.org\/{rel}","templated":true}]}}