{"id":263830,"date":"2023-02-27T11:47:05","date_gmt":"2023-02-27T14:47:05","guid":{"rendered":"https:\/\/www.caririemacao.com\/1\/?p=263830"},"modified":"2023-02-27T11:47:05","modified_gmt":"2023-02-27T14:47:05","slug":"homem-e-assassinado-a-tiros-no-municipio-de-sume","status":"publish","type":"post","link":"https:\/\/www.caririemacao.com\/1\/2023\/02\/27\/homem-e-assassinado-a-tiros-no-municipio-de-sume\/","title":{"rendered":"Homem \u00e9 assassinado a tiros no munic\u00edpio de Sum\u00e9"},"content":{"rendered":"<p>Um homem identificado Maur\u00edlio Pereira Silva, 27 anos, natural e residente em Santa Cruz\/PE, foi assassinado a tiros na manh\u00e3 desta segunda-feira (27) em Sum\u00e9 no Cariri.<\/p>\n<p>De acordo com informa\u00e7\u00f5es, a v\u00edtima \u00e9 ex-presidi\u00e1rio, estava passando uns dias na casa da irm\u00e3, no S\u00edtio Riach\u00e3o de Cima, Zona Rural, Sum\u00e9.<\/p>\n<p>Mais detalhes em instantes.<\/p>\n<p>FONTE: OPIPOCO<\/p>\n","protected":false},"excerpt":{"rendered":"<p>Um homem identificado Maur\u00edlio Pereira Silva, 27 anos, natural e residente em Santa Cruz\/PE, foi assassinado a tiros na manh\u00e3 desta segunda-feira (27) em Sum\u00e9&hellip; <\/p>\n","protected":false},"author":6,"featured_media":263831,"comment_status":"closed","ping_status":"closed","sticky":false,"template":"","format":"standard","meta":{"sfsi_plus_gutenberg_text_before_share":"","sfsi_plus_gutenberg_show_text_before_share":"","sfsi_plus_gutenberg_icon_type":"","sfsi_plus_gutenberg_icon_alignemt":"","sfsi_plus_gutenburg_max_per_row":"","footnotes":""},"categories":[50],"tags":[],"class_list":["post-263830","post","type-post","status-publish","format-standard","has-post-thumbnail","hentry","category-destaque"],"_links":{"self":[{"href":"https:\/\/www.caririemacao.com\/1\/wp-json\/wp\/v2\/posts\/263830","targetHints":{"allow":["GET"]}}],"collection":[{"href":"https:\/\/www.caririemacao.com\/1\/wp-json\/wp\/v2\/posts"}],"about":[{"href":"https:\/\/www.caririemacao.com\/1\/wp-json\/wp\/v2\/types\/post"}],"author":[{"embeddable":true,"href":"https:\/\/www.caririemacao.com\/1\/wp-json\/wp\/v2\/users\/6"}],"replies":[{"embeddable":true,"href":"https:\/\/www.caririemacao.com\/1\/wp-json\/wp\/v2\/comments?post=263830"}],"version-history":[{"count":1,"href":"https:\/\/www.caririemacao.com\/1\/wp-json\/wp\/v2\/posts\/263830\/revisions"}],"predecessor-version":[{"id":263832,"href":"https:\/\/www.caririemacao.com\/1\/wp-json\/wp\/v2\/posts\/263830\/revisions\/263832"}],"wp:featuredmedia":[{"embeddable":true,"href":"https:\/\/www.caririemacao.com\/1\/wp-json\/wp\/v2\/media\/263831"}],"wp:attachment":[{"href":"https:\/\/www.caririemacao.com\/1\/wp-json\/wp\/v2\/media?parent=263830"}],"wp:term":[{"taxonomy":"category","embeddable":true,"href":"https:\/\/www.caririemacao.com\/1\/wp-json\/wp\/v2\/categories?post=263830"},{"taxonomy":"post_tag","embeddable":true,"href":"https:\/\/www.caririemacao.com\/1\/wp-json\/wp\/v2\/tags?post=263830"}],"curies":[{"name":"wp","href":"https:\/\/api.w.org\/{rel}","templated":true}]}}