{"id":263835,"date":"2023-02-27T14:43:43","date_gmt":"2023-02-27T17:43:43","guid":{"rendered":"https:\/\/www.caririemacao.com\/1\/?p=263835"},"modified":"2023-02-27T14:43:43","modified_gmt":"2023-02-27T17:43:43","slug":"prf-apreende-moto-circulando-de-forma-irregular-em-cidade-do-cariri","status":"publish","type":"post","link":"https:\/\/www.caririemacao.com\/1\/2023\/02\/27\/prf-apreende-moto-circulando-de-forma-irregular-em-cidade-do-cariri\/","title":{"rendered":"PRF apreende moto circulando de forma irregular em cidade do Cariri"},"content":{"rendered":"<p>A Pol\u00edcia Rodovi\u00e1ria Federal recuperou no munic\u00edpio de Soledade, no Cariri, no km 215, da BR 230, na \u00faltima sexta-feira (24), uma motocicleta Honda XRE estacionada com a placa de identifica\u00e7\u00e3o aparentemente fora dos padr\u00f5es. Prontamente, os policiais realizaram dilig\u00eancias a fim de fiscaliz\u00e1-la, e ao realizar uma inspe\u00e7\u00e3o minuciosa foi constatada adultera\u00e7\u00e3o nos sinais identificadores.<\/p>\n<p>A moto tinha um registro de furto datado de agosto de 2022 em Caruaru\/PE. N\u00e3o foi poss\u00edvel localizar o suposto propriet\u00e1rio que estava na posse da motocicleta. A Honda foi encaminhada para a Delegacia de Pol\u00edcia Judici\u00e1ria por onde passar\u00e1 pelos tr\u00e2mites para ser devolvida ao seu leg\u00edtimo dono.<\/p>\n<div class=\"row publicidade_meio\">\n<div class=\"col-xs-12 col-sm-12 col-md-12 \">\n<div class=\"textwidget custom-html-widget\">\n<p>&nbsp;<\/p>\n<div id=\"beacon_8c3fbcd70c\"><img decoding=\"async\" src=\"https:\/\/ads.metrike.com\/lg.php?bannerid=0&amp;campaignid=0&amp;zoneid=6572&amp;loc=https%3A%2F%2Fwww.paraibamix.com.br%2Fnoticias-destaque1%2Fprf-apreende-moto-circulando-de-forma-irregular-em-soledade%2F&amp;referer=https%3A%2F%2Fwww.paraibamix.com.br%2F&amp;cb=8c3fbcd70c\" alt=\"\" width=\"0\" height=\"0\" \/><\/div>\n<p>&nbsp;<\/p>\n<\/div>\n<\/div>\n<\/div>\n<div id=\"pubmeio\" class=\"col-xs-12 col-sm-7 col-md-7\">\n<p>&nbsp;<\/p>\n<div id=\"beacon_1a778701e4\"><img decoding=\"async\" src=\"https:\/\/ads.metrike.com\/lg.php?bannerid=0&amp;campaignid=0&amp;zoneid=6387&amp;loc=https%3A%2F%2Fwww.paraibamix.com.br%2Fnoticias-destaque1%2Fprf-apreende-moto-circulando-de-forma-irregular-em-soledade%2F&amp;referer=https%3A%2F%2Fwww.paraibamix.com.br%2F&amp;cb=1a778701e4\" alt=\"\" width=\"0\" height=\"0\" \/><\/div>\n<p>&nbsp;<\/p>\n<\/div>\n","protected":false},"excerpt":{"rendered":"<p>A Pol\u00edcia Rodovi\u00e1ria Federal recuperou no munic\u00edpio de Soledade, no Cariri, no km 215, da BR 230, na \u00faltima sexta-feira (24), uma motocicleta Honda XRE&hellip; <\/p>\n","protected":false},"author":6,"featured_media":263837,"comment_status":"closed","ping_status":"closed","sticky":false,"template":"","format":"standard","meta":{"sfsi_plus_gutenberg_text_before_share":"","sfsi_plus_gutenberg_show_text_before_share":"","sfsi_plus_gutenberg_icon_type":"","sfsi_plus_gutenberg_icon_alignemt":"","sfsi_plus_gutenburg_max_per_row":"","footnotes":""},"categories":[1],"tags":[],"class_list":["post-263835","post","type-post","status-publish","format-standard","has-post-thumbnail","hentry","category-o-site"],"_links":{"self":[{"href":"https:\/\/www.caririemacao.com\/1\/wp-json\/wp\/v2\/posts\/263835","targetHints":{"allow":["GET"]}}],"collection":[{"href":"https:\/\/www.caririemacao.com\/1\/wp-json\/wp\/v2\/posts"}],"about":[{"href":"https:\/\/www.caririemacao.com\/1\/wp-json\/wp\/v2\/types\/post"}],"author":[{"embeddable":true,"href":"https:\/\/www.caririemacao.com\/1\/wp-json\/wp\/v2\/users\/6"}],"replies":[{"embeddable":true,"href":"https:\/\/www.caririemacao.com\/1\/wp-json\/wp\/v2\/comments?post=263835"}],"version-history":[{"count":2,"href":"https:\/\/www.caririemacao.com\/1\/wp-json\/wp\/v2\/posts\/263835\/revisions"}],"predecessor-version":[{"id":263838,"href":"https:\/\/www.caririemacao.com\/1\/wp-json\/wp\/v2\/posts\/263835\/revisions\/263838"}],"wp:featuredmedia":[{"embeddable":true,"href":"https:\/\/www.caririemacao.com\/1\/wp-json\/wp\/v2\/media\/263837"}],"wp:attachment":[{"href":"https:\/\/www.caririemacao.com\/1\/wp-json\/wp\/v2\/media?parent=263835"}],"wp:term":[{"taxonomy":"category","embeddable":true,"href":"https:\/\/www.caririemacao.com\/1\/wp-json\/wp\/v2\/categories?post=263835"},{"taxonomy":"post_tag","embeddable":true,"href":"https:\/\/www.caririemacao.com\/1\/wp-json\/wp\/v2\/tags?post=263835"}],"curies":[{"name":"wp","href":"https:\/\/api.w.org\/{rel}","templated":true}]}}