{"id":265178,"date":"2023-03-24T10:16:12","date_gmt":"2023-03-24T13:16:12","guid":{"rendered":"https:\/\/www.caririemacao.com\/1\/?p=265178"},"modified":"2023-03-24T10:16:12","modified_gmt":"2023-03-24T13:16:12","slug":"prefeito-de-camalau-visita-obra-de-reforma-e-modernizacao-da-escola-do-sitio-madeira","status":"publish","type":"post","link":"https:\/\/www.caririemacao.com\/1\/2023\/03\/24\/prefeito-de-camalau-visita-obra-de-reforma-e-modernizacao-da-escola-do-sitio-madeira\/","title":{"rendered":"Prefeito de Camala\u00fa visita obra de reforma e moderniza\u00e7\u00e3o da escola do s\u00edtio Madeira"},"content":{"rendered":"<p>O prefeito de Camala\u00fa, Bira Mariano, esteve visitando as obras da reforma da escola do s\u00edtio Madeira, na zona rural do munic\u00edpio. Ap\u00f3s a constru\u00e7\u00e3o da unidade escolar, esta \u00e9 a primeira grande reforma que est\u00e1 sendo na realizada na estrutura do pr\u00e9dio.<\/p>\n<p>De acordo com o prefeito Bira Mariano, a escola atende v\u00e1rias comunidades da regi\u00e3o e se faz necess\u00e1rio uma ampla reforma para atender melhor aos alunos e profissionais.<\/p>\n<p>&#8220;Essa escola atende diversas comunidades, e desta forma para atender de forma satisfat\u00f3ria a toda comunidade escolar, resolvemos realizar uma ampla reforma nesta unidade. As obras est\u00e3o caminhando, e em breve vamos entregar um pr\u00e9dio totalmente adequado para melhor atender aos nossos alunos e profissionais,&#8221; disse.<\/p>\n<p><img decoding=\"async\" data-src=\"https:\/\/scontent.fcau26-1.fna.fbcdn.net\/v\/t1.15752-9\/336785836_1598816703957465_7332173702286393813_n.jpg?_nc_cat=104&amp;ccb=1-7&amp;_nc_sid=ae9488&amp;_nc_ohc=4TuBOp1wU2MAX80WZ1w&amp;_nc_ht=scontent.fcau26-1.fna&amp;oh=03_AdQLrWIq-qKIkEJz2cdS-HfxyDxVwqD5bKWe8By95c3MDQ&amp;oe=6445159E\" alt=\"Nenhuma descri\u00e7\u00e3o dispon\u00edvel.\" src=\"data:image\/svg+xml;base64,PHN2ZyB3aWR0aD0iMSIgaGVpZ2h0PSIxIiB4bWxucz0iaHR0cDovL3d3dy53My5vcmcvMjAwMC9zdmciPjwvc3ZnPg==\" class=\"lazyload\" \/><\/p>\n<p><img decoding=\"async\" data-src=\"https:\/\/scontent.fcau26-1.fna.fbcdn.net\/v\/t1.15752-9\/333962284_522886840005489_654421132208080546_n.jpg?_nc_cat=103&amp;ccb=1-7&amp;_nc_sid=ae9488&amp;_nc_ohc=h9R3fDAzxW0AX8gE7F3&amp;_nc_ht=scontent.fcau26-1.fna&amp;oh=03_AdT8_O3kDRDYwQuBgVoN07qV8eZC47SO8YhWHZO8c20O8Q&amp;oe=6445010D\" alt=\"Nenhuma descri\u00e7\u00e3o dispon\u00edvel.\" src=\"data:image\/svg+xml;base64,PHN2ZyB3aWR0aD0iMSIgaGVpZ2h0PSIxIiB4bWxucz0iaHR0cDovL3d3dy53My5vcmcvMjAwMC9zdmciPjwvc3ZnPg==\" class=\"lazyload\" \/><\/p>\n<p>&nbsp;<\/p>\n","protected":false},"excerpt":{"rendered":"<p>O prefeito de Camala\u00fa, Bira Mariano, esteve visitando as obras da reforma da escola do s\u00edtio Madeira, na zona rural do munic\u00edpio. Ap\u00f3s a constru\u00e7\u00e3o&hellip; <\/p>\n","protected":false},"author":6,"featured_media":265180,"comment_status":"closed","ping_status":"closed","sticky":false,"template":"","format":"standard","meta":{"sfsi_plus_gutenberg_text_before_share":"","sfsi_plus_gutenberg_show_text_before_share":"","sfsi_plus_gutenberg_icon_type":"","sfsi_plus_gutenberg_icon_alignemt":"","sfsi_plus_gutenburg_max_per_row":"","footnotes":""},"categories":[71],"tags":[],"class_list":["post-265178","post","type-post","status-publish","format-standard","has-post-thumbnail","hentry","category-camalau"],"_links":{"self":[{"href":"https:\/\/www.caririemacao.com\/1\/wp-json\/wp\/v2\/posts\/265178","targetHints":{"allow":["GET"]}}],"collection":[{"href":"https:\/\/www.caririemacao.com\/1\/wp-json\/wp\/v2\/posts"}],"about":[{"href":"https:\/\/www.caririemacao.com\/1\/wp-json\/wp\/v2\/types\/post"}],"author":[{"embeddable":true,"href":"https:\/\/www.caririemacao.com\/1\/wp-json\/wp\/v2\/users\/6"}],"replies":[{"embeddable":true,"href":"https:\/\/www.caririemacao.com\/1\/wp-json\/wp\/v2\/comments?post=265178"}],"version-history":[{"count":2,"href":"https:\/\/www.caririemacao.com\/1\/wp-json\/wp\/v2\/posts\/265178\/revisions"}],"predecessor-version":[{"id":265181,"href":"https:\/\/www.caririemacao.com\/1\/wp-json\/wp\/v2\/posts\/265178\/revisions\/265181"}],"wp:featuredmedia":[{"embeddable":true,"href":"https:\/\/www.caririemacao.com\/1\/wp-json\/wp\/v2\/media\/265180"}],"wp:attachment":[{"href":"https:\/\/www.caririemacao.com\/1\/wp-json\/wp\/v2\/media?parent=265178"}],"wp:term":[{"taxonomy":"category","embeddable":true,"href":"https:\/\/www.caririemacao.com\/1\/wp-json\/wp\/v2\/categories?post=265178"},{"taxonomy":"post_tag","embeddable":true,"href":"https:\/\/www.caririemacao.com\/1\/wp-json\/wp\/v2\/tags?post=265178"}],"curies":[{"name":"wp","href":"https:\/\/api.w.org\/{rel}","templated":true}]}}