{"id":26518,"date":"2017-08-19T23:46:30","date_gmt":"2017-08-20T02:46:30","guid":{"rendered":"http:\/\/caririemacao.com\/1\/?p=26518"},"modified":"2017-08-19T23:46:30","modified_gmt":"2017-08-20T02:46:30","slug":"george-aquino-emite-nota-lamentando-que-pedido-de-licenca-por-motivo-de-saude-nao-tenha-sido-aprovado","status":"publish","type":"post","link":"https:\/\/www.caririemacao.com\/1\/2017\/08\/19\/george-aquino-emite-nota-lamentando-que-pedido-de-licenca-por-motivo-de-saude-nao-tenha-sido-aprovado\/","title":{"rendered":"George Aquino emite nota lamentando que pedido de licen\u00e7a por motivo de sa\u00fade n\u00e3o tenha sido aprovado"},"content":{"rendered":"<p>O vereador de S\u00e3o Jo\u00e3o do Cariri e atual presidente do PSB local, George Aquino, emitiu nota lamentando que seu pedido de licen\u00e7a por motivo de sa\u00fade apresentado durante sess\u00e3o na C\u00e2mara de S\u00e3o Jo\u00e3o do Cariri, realizada na noite desta sexta-feira, dia 18, n\u00e3o tenha sido levado em considera\u00e7\u00e3o, bem como, posi\u00e7\u00f5es de alguns dos parlamentares, que segundo a nota, insinuando que sua enfermidade n\u00e3o seria verdadeira, duvidando do atestado m\u00e9dico, da declara\u00e7\u00e3o do hospital e da guia de interna\u00e7\u00e3o que estavam devidamente anexadas ao pedido de licen\u00e7a.<\/p>\n<p>O vereador de S\u00e3o Jo\u00e3o do Cariri, George Aquino (PSB), que pleiteou licen\u00e7a do mandato por motivo de sa\u00fade, em consequ\u00eancia de ter passado por procedimentos cir\u00fargicos realizados recentemente, enviou a reportagem do Cariri em A\u00e7\u00e3o Nota lamentando que seu pedido de licen\u00e7a por motivos de sa\u00fade pelo prazo de 60 dias, n\u00e3o tenha tido a devida import\u00e2ncia na aprecia\u00e7\u00e3o no Plen\u00e1rio da C\u00e2mara de Vereadores de S\u00e3o Jo\u00e3o do Cariri.<\/p>\n<p>Na nota, ele diz que est\u00e1 sendo injusti\u00e7ado por den\u00fancias infundadas e sem nenhuma fundamenta\u00e7\u00e3o e que o seu pedido deveria ter sido levo em considera\u00e7\u00e3o, haja vista que, ele est\u00e1 passando por momentos dif\u00edceis em rela\u00e7\u00e3o a sua sa\u00fade, j\u00e1 que, o mesmo precisou de cuidar de sua sa\u00fade \u00e0s pressas, quando, ao sentir dores e procurar atendimento m\u00e9dico hospitalar , foi informado que precisava ser submetido a uma cirurgia, em car\u00e1ter de urg\u00eancia, de ILEOCOLECTOMIA DIRETA COM ILEOTRANSVERSSO ANASTOMOSE, no dia 27 de julho deste ano, em virtude de um quadro cl\u00ednico de abdome agudo inflamat\u00f3rio e obstrutivo (CID 10: k56.6), e portanto, necessita de um afastamento de suas atividades laborais por 60 dias, para sua melhor recupera\u00e7\u00e3o p\u00f3s-operat\u00f3ria, por se tratar de uma cirurgia de grande porte.<\/p>\n<p>Ele disse que a necessidade de licen\u00e7a \u00e9 uma determina\u00e7\u00e3o dada pelo seu m\u00e9dico e n\u00e3o uma faculdade sua, j\u00e1 que ele apenas est\u00e1 sendo orientado pelos profissionais de sa\u00fade a ter repouso absoluto para sua pronta recupera\u00e7\u00e3o.<\/p>\n<p>Sobre a den\u00fancia que tramita na C\u00e2mara de Vereadores, George faz uma correla\u00e7\u00e3o com o inqu\u00e9rito policial que apura irregularidades no posto do Detran local, que ainda se encontra em fase de investiga\u00e7\u00e3o e que nem mesmo o Minist\u00e9rio P\u00fablico ofereceu qualquer den\u00fancia contra quem quer que seja, inexistindo, portanto, a\u00e7\u00e3o penal contra o vereador, muito menos qualquer condena\u00e7\u00e3o.<\/p>\n<p>Vale salientar que o mesmo nunca exerceu nenhum cargo em administra\u00e7\u00e3o p\u00fablica no governo estadual. George afirmou que j\u00e1 entrou com uma a\u00e7\u00e3o contra o presidente do PTC, Marcondes Pereira, em face das acusa\u00e7\u00f5es caluniosas feitas por ele contra o vereador, por ter atribu\u00eddo a este a pr\u00e1tica dos crimes de tr\u00e1fico de influ\u00eancia, viol\u00eancia de sigilo funcional, usurpa\u00e7\u00e3o de fun\u00e7\u00e3o p\u00fablica, dentre outros, na den\u00fancia protocolada pelo presidente do PTC junto \u00e0 C\u00e2mara Municipal de S\u00e3o Jo\u00e3o do Cariri.<\/p>\n<p>George afirmou que a den\u00fancia formulada na C\u00e2mara n\u00e3o tem nenhuma prova de que ele tenha cometido quaisquer das condutas criminosas ali narradas, sendo completamente sem fundamento, sendo n\u00edtido o seu car\u00e1ter politiqueiro, uma leviana sanha de um advers\u00e1rio pol\u00edtico que visa cassar o mandato do vereador mais votado da cidade e \u00fanico parlamentar que faz parte da oposi\u00e7\u00e3o.<\/p>\n<p>Ele ainda destaca que o respons\u00e1vel pela den\u00fancia na C\u00e2mara de Vereadores, o presidente do PTC, faz parte da base aliada do atual prefeito da cidade de S\u00e3o Jo\u00e3o do Cariri. George diz que \u00e9 v\u00edtima de levianas acusa\u00e7\u00f5es e sem condi\u00e7\u00f5es de sa\u00fade para realizar sua defesa junto ao Plen\u00e1rio da C\u00e2mara de Vereadores do munic\u00edpio, visto que, o mesmo passou por uma cirurgia de grande porte, ficando 15 dias hospitalizado, dentro destes, dois dias na UTI, e que essa den\u00fancia \u00e9 uma arma\u00e7\u00e3o.<\/p>\n<p>Ele clama que a justi\u00e7a seja feita e que o seu direito seja garantido e respeitado perante a lei. Na Nota enviada ao Cariri em A\u00e7\u00e3o, o vereador George se considera v\u00edtima de persegui\u00e7\u00e3o pol\u00edtica. Ele disse que o pedido de investiga\u00e7\u00e3o sobre supostas irregularidades envolvendo seu nome \u00e9 uma retalia\u00e7\u00e3o contra um Projeto de Lei de sua autoria que veda o nepotismo no Poder P\u00fablico Municipal, apresentado por ele e aprovado na C\u00e2mara de Vereadores e at\u00e9 agora n\u00e3o foi sancionada pelo prefeito do munic\u00edpio.<\/p>\n<p>George finaliza lamentando que o pedido de cassa\u00e7\u00e3o do seu mandato seja uma forma de puni\u00e7\u00e3o, j\u00e1 que ele se considera um vereador independente e que faz oposi\u00e7\u00e3o a atual gest\u00e3o. Por fim, ele pede sensibilidade dos seus colegas parlamentares e pede para que nenhum deles passe pelos momentos dif\u00edceis que ele vem passando nestes \u00faltimos dias.<\/p>\n<p><strong>CARIRI EM A\u00c7\u00c3O<\/strong><\/p>\n<p>Leia mais not\u00edcias em\u00a0<a href=\"http:\/\/www.caririemacao.com\/\">caririemacao.com<\/a>, siga nossa p\u00e1gina no\u00a0<a href=\"https:\/\/www.facebook.com\/CaririEmAcao\/?ref=aymt_homepage_panel\">Facebook<\/a>,\u00a0<a href=\"https:\/\/www.instagram.com\/cariri_em_acao\/?hl=pt-br\">Instagram<\/a>\u00a0e <a href=\"https:\/\/www.youtube.com\/channel\/UCAptA0jQuYQy8vMhLt2m4qg\">Youtube<\/a>\u00a0e veja nossas mat\u00e9rias, v\u00eddeos e fotos. Voc\u00ea tamb\u00e9m pode enviar informa\u00e7\u00f5es \u00e0 Reda\u00e7\u00e3o do Portal Cariri em A\u00e7\u00e3o pelo WhatsApp (83) 9 9634.5791, (83) 9 9601-1162.<\/p>\n","protected":false},"excerpt":{"rendered":"<p>O vereador de S\u00e3o Jo\u00e3o do Cariri e atual presidente do PSB local, George Aquino, emitiu nota lamentando que seu pedido de licen\u00e7a por motivo&hellip; <\/p>\n","protected":false},"author":2,"featured_media":18969,"comment_status":"closed","ping_status":"closed","sticky":false,"template":"","format":"standard","meta":{"sfsi_plus_gutenberg_text_before_share":"","sfsi_plus_gutenberg_show_text_before_share":"","sfsi_plus_gutenberg_icon_type":"","sfsi_plus_gutenberg_icon_alignemt":"","sfsi_plus_gutenburg_max_per_row":"","footnotes":""},"categories":[11],"tags":[],"class_list":["post-26518","post","type-post","status-publish","format-standard","has-post-thumbnail","hentry","category-politica"],"_links":{"self":[{"href":"https:\/\/www.caririemacao.com\/1\/wp-json\/wp\/v2\/posts\/26518","targetHints":{"allow":["GET"]}}],"collection":[{"href":"https:\/\/www.caririemacao.com\/1\/wp-json\/wp\/v2\/posts"}],"about":[{"href":"https:\/\/www.caririemacao.com\/1\/wp-json\/wp\/v2\/types\/post"}],"author":[{"embeddable":true,"href":"https:\/\/www.caririemacao.com\/1\/wp-json\/wp\/v2\/users\/2"}],"replies":[{"embeddable":true,"href":"https:\/\/www.caririemacao.com\/1\/wp-json\/wp\/v2\/comments?post=26518"}],"version-history":[{"count":0,"href":"https:\/\/www.caririemacao.com\/1\/wp-json\/wp\/v2\/posts\/26518\/revisions"}],"wp:featuredmedia":[{"embeddable":true,"href":"https:\/\/www.caririemacao.com\/1\/wp-json\/wp\/v2\/media\/18969"}],"wp:attachment":[{"href":"https:\/\/www.caririemacao.com\/1\/wp-json\/wp\/v2\/media?parent=26518"}],"wp:term":[{"taxonomy":"category","embeddable":true,"href":"https:\/\/www.caririemacao.com\/1\/wp-json\/wp\/v2\/categories?post=26518"},{"taxonomy":"post_tag","embeddable":true,"href":"https:\/\/www.caririemacao.com\/1\/wp-json\/wp\/v2\/tags?post=26518"}],"curies":[{"name":"wp","href":"https:\/\/api.w.org\/{rel}","templated":true}]}}