{"id":265182,"date":"2023-03-24T10:55:57","date_gmt":"2023-03-24T13:55:57","guid":{"rendered":"https:\/\/www.caririemacao.com\/1\/?p=265182"},"modified":"2023-03-24T10:55:57","modified_gmt":"2023-03-24T13:55:57","slug":"sao-domingos-do-cariri-prefeito-onildo-visita-reforma-da-ubs-e-comemora-a-obra-esta-em-ritmo-acelerado","status":"publish","type":"post","link":"https:\/\/www.caririemacao.com\/1\/2023\/03\/24\/sao-domingos-do-cariri-prefeito-onildo-visita-reforma-da-ubs-e-comemora-a-obra-esta-em-ritmo-acelerado\/","title":{"rendered":"S\u00e3o Domingos do Cariri: prefeito Onildo visita reforma da UBS e comemora: \u201cA obra est\u00e1 em r\u00edtmo acelerado\u201d"},"content":{"rendered":"<p>O prefeito de S\u00e3o Domingos do Cariri, Onildo Lindberg, visitou na manh\u00e3 desta sexta-feira, 24, a obra da reforma da unidade b\u00e1sica de sa\u00fade Jos\u00e9 Isidoro dos Santos.<\/p>\n<p>A obra est\u00e1 or\u00e7ada em R$ 500.000,00 (meio milh\u00e3o) e vai trazer mais conforto e qualidade nos servi\u00e7os de sa\u00fade oferecidos aos usu\u00e1rios da unidade.<\/p>\n<p>Tamb\u00e9m trar\u00e1 mais espa\u00e7o e estrutura para os profissionais desepenharem suas fun\u00e7\u00f5es com mais tranquilidade. Nunca houve uma reforma na UBS, desde que foi constru\u00edda. Onildo ficou feliz em ver que as obras est\u00e3o a todo vapor.<\/p>\n<p>\u201cEstou muito feliz hoje em estar visitando a reforma da nossa UBS Jos\u00e9 Isidoro dos Santos, pois desde que foi constru\u00edda nunca passou por uma reforma. Atendendo um pedido da nossa secret\u00e1ria de sa\u00fade, analisamos e vimos que de fato havia necessidade de uma grande reforma. Por isso estamos fazendo com muito carinho e zelo essa reforma na parte estrutural e na parte el\u00e9trica, para que os nossos usu\u00e1rios tenham um conforto melhor ao se dirigir \u00e0 esta unidade, e tamb\u00e9m, que os profissionais de sa\u00fade que aqui trabalham possam desempenhar suas fun\u00e7\u00f5es com mais facilidade, em um local com mais amplitude e agrad\u00e1vel. Assim conseguiremos cada vez mais cuidar daqueles que mais precisam, a nossa popula\u00e7\u00e3o,\u201d frisou o gestor.<\/p>\n<p><strong>Confira o v\u00eddeo:<\/strong><\/p>\n<p><iframe title=\"YouTube video player\" data-src=\"https:\/\/www.youtube.com\/embed\/3EhGXyJxsC8\" width=\"360\" height=\"215\" frameborder=\"0\" allowfullscreen=\"allowfullscreen\" data-mce-fragment=\"1\" src=\"data:image\/svg+xml;base64,PHN2ZyB3aWR0aD0iMSIgaGVpZ2h0PSIxIiB4bWxucz0iaHR0cDovL3d3dy53My5vcmcvMjAwMC9zdmciPjwvc3ZnPg==\" class=\"lazyload\" data-load-mode=\"1\"><\/iframe><\/p>\n<p>Ascom<\/p>\n","protected":false},"excerpt":{"rendered":"<p>O prefeito de S\u00e3o Domingos do Cariri, Onildo Lindberg, visitou na manh\u00e3 desta sexta-feira, 24, a obra da reforma da unidade b\u00e1sica de sa\u00fade Jos\u00e9&hellip; <\/p>\n","protected":false},"author":6,"featured_media":265183,"comment_status":"closed","ping_status":"closed","sticky":false,"template":"","format":"standard","meta":{"sfsi_plus_gutenberg_text_before_share":"","sfsi_plus_gutenberg_show_text_before_share":"","sfsi_plus_gutenberg_icon_type":"","sfsi_plus_gutenberg_icon_alignemt":"","sfsi_plus_gutenburg_max_per_row":"","footnotes":""},"categories":[1],"tags":[],"class_list":["post-265182","post","type-post","status-publish","format-standard","has-post-thumbnail","hentry","category-o-site"],"_links":{"self":[{"href":"https:\/\/www.caririemacao.com\/1\/wp-json\/wp\/v2\/posts\/265182","targetHints":{"allow":["GET"]}}],"collection":[{"href":"https:\/\/www.caririemacao.com\/1\/wp-json\/wp\/v2\/posts"}],"about":[{"href":"https:\/\/www.caririemacao.com\/1\/wp-json\/wp\/v2\/types\/post"}],"author":[{"embeddable":true,"href":"https:\/\/www.caririemacao.com\/1\/wp-json\/wp\/v2\/users\/6"}],"replies":[{"embeddable":true,"href":"https:\/\/www.caririemacao.com\/1\/wp-json\/wp\/v2\/comments?post=265182"}],"version-history":[{"count":1,"href":"https:\/\/www.caririemacao.com\/1\/wp-json\/wp\/v2\/posts\/265182\/revisions"}],"predecessor-version":[{"id":265184,"href":"https:\/\/www.caririemacao.com\/1\/wp-json\/wp\/v2\/posts\/265182\/revisions\/265184"}],"wp:featuredmedia":[{"embeddable":true,"href":"https:\/\/www.caririemacao.com\/1\/wp-json\/wp\/v2\/media\/265183"}],"wp:attachment":[{"href":"https:\/\/www.caririemacao.com\/1\/wp-json\/wp\/v2\/media?parent=265182"}],"wp:term":[{"taxonomy":"category","embeddable":true,"href":"https:\/\/www.caririemacao.com\/1\/wp-json\/wp\/v2\/categories?post=265182"},{"taxonomy":"post_tag","embeddable":true,"href":"https:\/\/www.caririemacao.com\/1\/wp-json\/wp\/v2\/tags?post=265182"}],"curies":[{"name":"wp","href":"https:\/\/api.w.org\/{rel}","templated":true}]}}