{"id":265185,"date":"2023-03-24T11:51:52","date_gmt":"2023-03-24T14:51:52","guid":{"rendered":"https:\/\/www.caririemacao.com\/1\/?p=265185"},"modified":"2023-03-24T11:51:52","modified_gmt":"2023-03-24T14:51:52","slug":"sao-sebastiao-do-umbuzeiro-feira-livre-de-animais-e-inaugurada-nesta-sexta-com-recorde-de-publico","status":"publish","type":"post","link":"https:\/\/www.caririemacao.com\/1\/2023\/03\/24\/sao-sebastiao-do-umbuzeiro-feira-livre-de-animais-e-inaugurada-nesta-sexta-com-recorde-de-publico\/","title":{"rendered":"S\u00e3o Sebasti\u00e3o do Umbuzeiro: Feira Livre de Animais \u00e9 inaugurada nesta sexta com recorde de p\u00fablico"},"content":{"rendered":"<p style=\"text-align: justify;\">O prefeito de S\u00e3o Sebasti\u00e3o do Umbuzeiro, Adriano Wolff, atrav\u00e9s da Secretaria de Agricultura, inaugurou na manh\u00e3 desta sexta-feira (24\/03) a Feira Livre de Animais do munic\u00edpio.<\/p>\n<p style=\"text-align: justify;\">Comerciantes e visitantes encheram o p\u00e1tio da feira. Na oportunidade muitos neg\u00f3cios foram registrados, contribuindo para aquecer a economia local.<\/p>\n<p style=\"text-align: justify;\">Al\u00e9m da comercializa\u00e7\u00e3o de animais, o local conta com espa\u00e7o de alimenta\u00e7\u00e3o com comidas t\u00edpicas, estacionamento e uma estrutura para receber os comerciantes.<\/p>\n<p style=\"text-align: justify;\">\u201cA feira foi um sucesso de p\u00fablico, e de vendas de animais\u2019, avaliou o prefeito Adriano Wolff.<\/p>\n<p style=\"text-align: justify;\">Para a alegria de comerciantes e visites, a gest\u00e3o municipal ofereceu entretenimento com show de Henrique Kai\u00e7ara.<\/p>\n<p><img fetchpriority=\"high\" decoding=\"async\" class=\"aligncenter wp-image-265186 size-full\" src=\"https:\/\/www.caririemacao.com\/1\/wp-content\/uploads\/2023\/03\/WhatsApp-Image-2023-03-24-at-11.23.13.jpeg\" alt=\"\" width=\"1600\" height=\"1204\" srcset=\"https:\/\/www.caririemacao.com\/1\/wp-content\/uploads\/2023\/03\/WhatsApp-Image-2023-03-24-at-11.23.13.jpeg 1600w, https:\/\/www.caririemacao.com\/1\/wp-content\/uploads\/2023\/03\/WhatsApp-Image-2023-03-24-at-11.23.13-300x226.jpeg 300w, https:\/\/www.caririemacao.com\/1\/wp-content\/uploads\/2023\/03\/WhatsApp-Image-2023-03-24-at-11.23.13-1280x963.jpeg 1280w, https:\/\/www.caririemacao.com\/1\/wp-content\/uploads\/2023\/03\/WhatsApp-Image-2023-03-24-at-11.23.13-768x578.jpeg 768w, https:\/\/www.caririemacao.com\/1\/wp-content\/uploads\/2023\/03\/WhatsApp-Image-2023-03-24-at-11.23.13-1536x1156.jpeg 1536w\" sizes=\"(max-width: 1600px) 100vw, 1600px\" \/><\/p>\n<p><img decoding=\"async\" class=\"aligncenter wp-image-265187 size-full lazyload\" data-src=\"https:\/\/www.caririemacao.com\/1\/wp-content\/uploads\/2023\/03\/WhatsApp-Image-2023-03-24-at-11.23.08.jpeg\" alt=\"\" width=\"1600\" height=\"1204\" data-srcset=\"https:\/\/www.caririemacao.com\/1\/wp-content\/uploads\/2023\/03\/WhatsApp-Image-2023-03-24-at-11.23.08.jpeg 1600w, https:\/\/www.caririemacao.com\/1\/wp-content\/uploads\/2023\/03\/WhatsApp-Image-2023-03-24-at-11.23.08-300x226.jpeg 300w, https:\/\/www.caririemacao.com\/1\/wp-content\/uploads\/2023\/03\/WhatsApp-Image-2023-03-24-at-11.23.08-1280x963.jpeg 1280w, https:\/\/www.caririemacao.com\/1\/wp-content\/uploads\/2023\/03\/WhatsApp-Image-2023-03-24-at-11.23.08-768x578.jpeg 768w, https:\/\/www.caririemacao.com\/1\/wp-content\/uploads\/2023\/03\/WhatsApp-Image-2023-03-24-at-11.23.08-1536x1156.jpeg 1536w\" data-sizes=\"(max-width: 1600px) 100vw, 1600px\" src=\"data:image\/svg+xml;base64,PHN2ZyB3aWR0aD0iMSIgaGVpZ2h0PSIxIiB4bWxucz0iaHR0cDovL3d3dy53My5vcmcvMjAwMC9zdmciPjwvc3ZnPg==\" style=\"--smush-placeholder-width: 1600px; --smush-placeholder-aspect-ratio: 1600\/1204;\" \/><\/p>\n<p>&nbsp;<\/p>\n<p><strong>Show de Henrique Kai\u00e7ara<\/strong><\/p>\n<p><img decoding=\"async\" class=\"aligncenter wp-image-265188 size-full lazyload\" data-src=\"https:\/\/www.caririemacao.com\/1\/wp-content\/uploads\/2023\/03\/WhatsApp-Image-2023-03-24-at-11.23.11.jpeg\" alt=\"\" width=\"1204\" height=\"1600\" data-srcset=\"https:\/\/www.caririemacao.com\/1\/wp-content\/uploads\/2023\/03\/WhatsApp-Image-2023-03-24-at-11.23.11.jpeg 1204w, https:\/\/www.caririemacao.com\/1\/wp-content\/uploads\/2023\/03\/WhatsApp-Image-2023-03-24-at-11.23.11-226x300.jpeg 226w, https:\/\/www.caririemacao.com\/1\/wp-content\/uploads\/2023\/03\/WhatsApp-Image-2023-03-24-at-11.23.11-963x1280.jpeg 963w, https:\/\/www.caririemacao.com\/1\/wp-content\/uploads\/2023\/03\/WhatsApp-Image-2023-03-24-at-11.23.11-768x1021.jpeg 768w, https:\/\/www.caririemacao.com\/1\/wp-content\/uploads\/2023\/03\/WhatsApp-Image-2023-03-24-at-11.23.11-1156x1536.jpeg 1156w\" data-sizes=\"(max-width: 1204px) 100vw, 1204px\" src=\"data:image\/svg+xml;base64,PHN2ZyB3aWR0aD0iMSIgaGVpZ2h0PSIxIiB4bWxucz0iaHR0cDovL3d3dy53My5vcmcvMjAwMC9zdmciPjwvc3ZnPg==\" style=\"--smush-placeholder-width: 1204px; --smush-placeholder-aspect-ratio: 1204\/1600;\" \/><\/p>\n<p><strong>Por: Didi Milton e Marcos Lima \u00a0\u00a0<\/strong><\/p>\n","protected":false},"excerpt":{"rendered":"<p>O prefeito de S\u00e3o Sebasti\u00e3o do Umbuzeiro, Adriano Wolff, atrav\u00e9s da Secretaria de Agricultura, inaugurou na manh\u00e3 desta sexta-feira (24\/03) a Feira Livre de Animais&hellip; <\/p>\n","protected":false},"author":6,"featured_media":265189,"comment_status":"closed","ping_status":"closed","sticky":false,"template":"","format":"standard","meta":{"sfsi_plus_gutenberg_text_before_share":"","sfsi_plus_gutenberg_show_text_before_share":"","sfsi_plus_gutenberg_icon_type":"","sfsi_plus_gutenberg_icon_alignemt":"","sfsi_plus_gutenburg_max_per_row":"","footnotes":""},"categories":[92],"tags":[],"class_list":["post-265185","post","type-post","status-publish","format-standard","has-post-thumbnail","hentry","category-sao-sebastiao-do-umbuzeiro"],"_links":{"self":[{"href":"https:\/\/www.caririemacao.com\/1\/wp-json\/wp\/v2\/posts\/265185","targetHints":{"allow":["GET"]}}],"collection":[{"href":"https:\/\/www.caririemacao.com\/1\/wp-json\/wp\/v2\/posts"}],"about":[{"href":"https:\/\/www.caririemacao.com\/1\/wp-json\/wp\/v2\/types\/post"}],"author":[{"embeddable":true,"href":"https:\/\/www.caririemacao.com\/1\/wp-json\/wp\/v2\/users\/6"}],"replies":[{"embeddable":true,"href":"https:\/\/www.caririemacao.com\/1\/wp-json\/wp\/v2\/comments?post=265185"}],"version-history":[{"count":1,"href":"https:\/\/www.caririemacao.com\/1\/wp-json\/wp\/v2\/posts\/265185\/revisions"}],"predecessor-version":[{"id":265190,"href":"https:\/\/www.caririemacao.com\/1\/wp-json\/wp\/v2\/posts\/265185\/revisions\/265190"}],"wp:featuredmedia":[{"embeddable":true,"href":"https:\/\/www.caririemacao.com\/1\/wp-json\/wp\/v2\/media\/265189"}],"wp:attachment":[{"href":"https:\/\/www.caririemacao.com\/1\/wp-json\/wp\/v2\/media?parent=265185"}],"wp:term":[{"taxonomy":"category","embeddable":true,"href":"https:\/\/www.caririemacao.com\/1\/wp-json\/wp\/v2\/categories?post=265185"},{"taxonomy":"post_tag","embeddable":true,"href":"https:\/\/www.caririemacao.com\/1\/wp-json\/wp\/v2\/tags?post=265185"}],"curies":[{"name":"wp","href":"https:\/\/api.w.org\/{rel}","templated":true}]}}