{"id":265194,"date":"2023-03-24T15:26:20","date_gmt":"2023-03-24T18:26:20","guid":{"rendered":"https:\/\/www.caririemacao.com\/1\/?p=265194"},"modified":"2023-03-24T15:26:20","modified_gmt":"2023-03-24T18:26:20","slug":"prefeitura-de-sume-comeca-a-pagar-os-salarios-de-marco-aos-servidores-publicos","status":"publish","type":"post","link":"https:\/\/www.caririemacao.com\/1\/2023\/03\/24\/prefeitura-de-sume-comeca-a-pagar-os-salarios-de-marco-aos-servidores-publicos\/","title":{"rendered":"Prefeitura de Sum\u00e9 come\u00e7a a pagar os sal\u00e1rios de mar\u00e7o aos servidores p\u00fablicos"},"content":{"rendered":"<p>A prefeitura de Sum\u00e9 iniciou nesta quinta-feira, 23, o pagamento dos funcion\u00e1rios p\u00fablicos municipais, referente ao m\u00eas de mar\u00e7o.<\/p>\n<p>De acordo com a Secretaria de Or\u00e7amento e Finan\u00e7as j\u00e1 receberam os servidores das Secretarias de: Administra\u00e7\u00e3o, Gabinete do Prefeito, or\u00e7amento e Finan\u00e7as, Cultura, Esporte e Turismo e Obras e Servi\u00e7os Urbanos.<\/p>\n<p>Conforme o secret\u00e1rio de Or\u00e7amento e Finan\u00e7as, Rob\u00e9rio Cipriano, R$ 230 mil foram injetados na economia local com o pagamento de aproximadamente 130 servidores.<\/p>\n","protected":false},"excerpt":{"rendered":"<p>A prefeitura de Sum\u00e9 iniciou nesta quinta-feira, 23, o pagamento dos funcion\u00e1rios p\u00fablicos municipais, referente ao m\u00eas de mar\u00e7o. De acordo com a Secretaria de&hellip; <\/p>\n","protected":false},"author":6,"featured_media":264628,"comment_status":"closed","ping_status":"closed","sticky":false,"template":"","format":"standard","meta":{"sfsi_plus_gutenberg_text_before_share":"","sfsi_plus_gutenberg_show_text_before_share":"","sfsi_plus_gutenberg_icon_type":"","sfsi_plus_gutenberg_icon_alignemt":"","sfsi_plus_gutenburg_max_per_row":"","footnotes":""},"categories":[95],"tags":[],"class_list":["post-265194","post","type-post","status-publish","format-standard","has-post-thumbnail","hentry","category-sume"],"_links":{"self":[{"href":"https:\/\/www.caririemacao.com\/1\/wp-json\/wp\/v2\/posts\/265194","targetHints":{"allow":["GET"]}}],"collection":[{"href":"https:\/\/www.caririemacao.com\/1\/wp-json\/wp\/v2\/posts"}],"about":[{"href":"https:\/\/www.caririemacao.com\/1\/wp-json\/wp\/v2\/types\/post"}],"author":[{"embeddable":true,"href":"https:\/\/www.caririemacao.com\/1\/wp-json\/wp\/v2\/users\/6"}],"replies":[{"embeddable":true,"href":"https:\/\/www.caririemacao.com\/1\/wp-json\/wp\/v2\/comments?post=265194"}],"version-history":[{"count":1,"href":"https:\/\/www.caririemacao.com\/1\/wp-json\/wp\/v2\/posts\/265194\/revisions"}],"predecessor-version":[{"id":265195,"href":"https:\/\/www.caririemacao.com\/1\/wp-json\/wp\/v2\/posts\/265194\/revisions\/265195"}],"wp:featuredmedia":[{"embeddable":true,"href":"https:\/\/www.caririemacao.com\/1\/wp-json\/wp\/v2\/media\/264628"}],"wp:attachment":[{"href":"https:\/\/www.caririemacao.com\/1\/wp-json\/wp\/v2\/media?parent=265194"}],"wp:term":[{"taxonomy":"category","embeddable":true,"href":"https:\/\/www.caririemacao.com\/1\/wp-json\/wp\/v2\/categories?post=265194"},{"taxonomy":"post_tag","embeddable":true,"href":"https:\/\/www.caririemacao.com\/1\/wp-json\/wp\/v2\/tags?post=265194"}],"curies":[{"name":"wp","href":"https:\/\/api.w.org\/{rel}","templated":true}]}}