{"id":265203,"date":"2023-03-24T17:17:03","date_gmt":"2023-03-24T20:17:03","guid":{"rendered":"https:\/\/www.caririemacao.com\/1\/?p=265203"},"modified":"2023-03-24T17:17:03","modified_gmt":"2023-03-24T20:17:03","slug":"garantir-direitos-e-defende-o-sus-a-vida-e-a-democracia-foi-tema-da-6a-conferencia-municipal-de-saude-em-sao-sebastiao-do-umbuzeiro","status":"publish","type":"post","link":"https:\/\/www.caririemacao.com\/1\/2023\/03\/24\/garantir-direitos-e-defende-o-sus-a-vida-e-a-democracia-foi-tema-da-6a-conferencia-municipal-de-saude-em-sao-sebastiao-do-umbuzeiro\/","title":{"rendered":"\u201cGarantir Direitos e Defende o SUS, a Vida e a Democracia&#8221;: foi tema da 6\u00aa Confer\u00eancia Municipal de Sa\u00fade em S\u00e3o Sebasti\u00e3o do Umbuzeiro"},"content":{"rendered":"<p style=\"text-align: justify;\">A Prefeitura de S\u00e3o Sebasti\u00e3o do Umbuzeiro, por meio da Secretaria de Sa\u00fade, e o Conselho Municipal de Sa\u00fade, realizaram, nesta sexta-feira (24\/03), a 6\u00aa Confer\u00eancia Municipal de Sa\u00fade, que teve como tema \u201cGarantir Direitos e Defende o SUS, a Vida e a Democracia&#8221;.<\/p>\n<p>A Confer\u00eancia teve como objetivo mobilizar, discutir, propor diretrizes e estabelecer di\u00e1logos com a sociedade acerca do direito \u00e0 sa\u00fade e em defesa do SUS.<\/p>\n<p>Estiveram presentes o prefeito Adriano Wolff, a vice-prefeita Adalcy Freitas, os vereadores Jailson Freitas, Sildete do Sal\u00e3o, C\u00edcero Lira e D\u00eanis Freitas, a Secret\u00e1ria de Sa\u00fade Edvone Arruda, a Secret\u00e1ria de Assist\u00eancia Social \u00c9rica, al\u00e9m de diversos outros profissionais da \u00e1rea e a popula\u00e7\u00e3o em geral.<\/p>\n<p>Para Adriano Wolff, esse \u00e9 momento de conferir tamb\u00e9m como anda o bom funcionamento da gest\u00e3o, principalmente o quesito pol\u00edticas p\u00fablicas.<\/p>\n<p style=\"text-align: justify;\">&#8220;A Confer\u00eancia Municipal de Sa\u00fade \u00e9 de extrema import\u00e2ncia para o bom funcionamento da gest\u00e3o municipal, uma vez que por meio dela \u00e9 poss\u00edvel avaliar a situa\u00e7\u00e3o de sa\u00fade do munic\u00edpio e propor diretrizes para a formula\u00e7\u00e3o das pol\u00edticas de sa\u00fade&#8221;, disse o prefeito Adriano Wolff.<\/p>\n<p>Adriano Wolff, ainda avaliou de forma positiva o encontro: &#8220;a programa\u00e7\u00e3o atingiu os objetivos, uma vez que contemplou usu\u00e1rios, representantes das entidades, autoridades, trabalhadores e gestores do Sistema \u00danico de Sa\u00fade, os quais participaram dos debates realizados na confer\u00eancia, vindo de encontro com a preocupa\u00e7\u00e3o que a municipalidade tem na busca de formular propostas para melhorar tamb\u00e9m o atendimento de sa\u00fade que vem sendo oferecido \u00e0 popula\u00e7\u00e3o&#8221;.<\/p>\n<p><img fetchpriority=\"high\" decoding=\"async\" class=\"aligncenter wp-image-265206 size-full\" src=\"https:\/\/www.caririemacao.com\/1\/wp-content\/uploads\/2023\/03\/337310122_944148446760535_1896361282496942665_n.jpg\" alt=\"\" width=\"1080\" height=\"651\" srcset=\"https:\/\/www.caririemacao.com\/1\/wp-content\/uploads\/2023\/03\/337310122_944148446760535_1896361282496942665_n.jpg 1080w, https:\/\/www.caririemacao.com\/1\/wp-content\/uploads\/2023\/03\/337310122_944148446760535_1896361282496942665_n-300x181.jpg 300w, https:\/\/www.caririemacao.com\/1\/wp-content\/uploads\/2023\/03\/337310122_944148446760535_1896361282496942665_n-768x463.jpg 768w\" sizes=\"(max-width: 1080px) 100vw, 1080px\" \/><\/p>\n<p style=\"text-align: justify;\"><img decoding=\"async\" class=\"aligncenter wp-image-265207 size-full lazyload\" data-src=\"https:\/\/www.caririemacao.com\/1\/wp-content\/uploads\/2023\/03\/327805975_783323142802181_7703901381163935851_n.jpg\" alt=\"\" width=\"1080\" height=\"651\" data-srcset=\"https:\/\/www.caririemacao.com\/1\/wp-content\/uploads\/2023\/03\/327805975_783323142802181_7703901381163935851_n.jpg 1080w, https:\/\/www.caririemacao.com\/1\/wp-content\/uploads\/2023\/03\/327805975_783323142802181_7703901381163935851_n-300x181.jpg 300w, https:\/\/www.caririemacao.com\/1\/wp-content\/uploads\/2023\/03\/327805975_783323142802181_7703901381163935851_n-768x463.jpg 768w\" data-sizes=\"(max-width: 1080px) 100vw, 1080px\" src=\"data:image\/svg+xml;base64,PHN2ZyB3aWR0aD0iMSIgaGVpZ2h0PSIxIiB4bWxucz0iaHR0cDovL3d3dy53My5vcmcvMjAwMC9zdmciPjwvc3ZnPg==\" style=\"--smush-placeholder-width: 1080px; --smush-placeholder-aspect-ratio: 1080\/651;\" \/><br \/>\n<strong>Conectado com a Not\u00edcia edi\u00e7\u00e3o Cariri Em A\u00e7\u00e3o<\/strong><\/p>\n","protected":false},"excerpt":{"rendered":"<p>A Prefeitura de S\u00e3o Sebasti\u00e3o do Umbuzeiro, por meio da Secretaria de Sa\u00fade, e o Conselho Municipal de Sa\u00fade, realizaram, nesta sexta-feira (24\/03), a 6\u00aa&hellip; <\/p>\n","protected":false},"author":6,"featured_media":265204,"comment_status":"closed","ping_status":"closed","sticky":false,"template":"","format":"standard","meta":{"sfsi_plus_gutenberg_text_before_share":"","sfsi_plus_gutenberg_show_text_before_share":"","sfsi_plus_gutenberg_icon_type":"","sfsi_plus_gutenberg_icon_alignemt":"","sfsi_plus_gutenburg_max_per_row":"","footnotes":""},"categories":[92],"tags":[],"class_list":["post-265203","post","type-post","status-publish","format-standard","has-post-thumbnail","hentry","category-sao-sebastiao-do-umbuzeiro"],"_links":{"self":[{"href":"https:\/\/www.caririemacao.com\/1\/wp-json\/wp\/v2\/posts\/265203","targetHints":{"allow":["GET"]}}],"collection":[{"href":"https:\/\/www.caririemacao.com\/1\/wp-json\/wp\/v2\/posts"}],"about":[{"href":"https:\/\/www.caririemacao.com\/1\/wp-json\/wp\/v2\/types\/post"}],"author":[{"embeddable":true,"href":"https:\/\/www.caririemacao.com\/1\/wp-json\/wp\/v2\/users\/6"}],"replies":[{"embeddable":true,"href":"https:\/\/www.caririemacao.com\/1\/wp-json\/wp\/v2\/comments?post=265203"}],"version-history":[{"count":1,"href":"https:\/\/www.caririemacao.com\/1\/wp-json\/wp\/v2\/posts\/265203\/revisions"}],"predecessor-version":[{"id":265208,"href":"https:\/\/www.caririemacao.com\/1\/wp-json\/wp\/v2\/posts\/265203\/revisions\/265208"}],"wp:featuredmedia":[{"embeddable":true,"href":"https:\/\/www.caririemacao.com\/1\/wp-json\/wp\/v2\/media\/265204"}],"wp:attachment":[{"href":"https:\/\/www.caririemacao.com\/1\/wp-json\/wp\/v2\/media?parent=265203"}],"wp:term":[{"taxonomy":"category","embeddable":true,"href":"https:\/\/www.caririemacao.com\/1\/wp-json\/wp\/v2\/categories?post=265203"},{"taxonomy":"post_tag","embeddable":true,"href":"https:\/\/www.caririemacao.com\/1\/wp-json\/wp\/v2\/tags?post=265203"}],"curies":[{"name":"wp","href":"https:\/\/api.w.org\/{rel}","templated":true}]}}