{"id":265205,"date":"2023-03-24T17:17:41","date_gmt":"2023-03-24T20:17:41","guid":{"rendered":"https:\/\/www.caririemacao.com\/1\/?p=265205"},"modified":"2023-03-24T17:17:41","modified_gmt":"2023-03-24T20:17:41","slug":"na-paraiba-justica-solta-jovem-que-teria-esfaqueado-padrasto-suspeito-de-estuprar-sua-irma","status":"publish","type":"post","link":"https:\/\/www.caririemacao.com\/1\/2023\/03\/24\/na-paraiba-justica-solta-jovem-que-teria-esfaqueado-padrasto-suspeito-de-estuprar-sua-irma\/","title":{"rendered":"Na Para\u00edba: Justi\u00e7a solta jovem que teria esfaqueado padrasto suspeito de estuprar sua irm\u00e3"},"content":{"rendered":"<p>Foi liberado pela Justi\u00e7a o jovem suspeito de ter esfaqueado o padrasto, investigado por estuprar sua irm\u00e3. No in\u00edcio deste m\u00eas, o irm\u00e3o da v\u00edtima de estupro teria atacado o padrasto com uma faca no momento em que ele deixava a delegacia e entrava no carro do advogado, em Jo\u00e3o Pessoa.<\/p>\n<div class=\"related\"><\/div>\n<p>Na ocasi\u00e3o do ataque, um policial chegou a efetuar um disparo no p\u00e9 do jovem com o intuito de conter o agressor. Tanto o jovem, quanto o padrasto suspeito de estupro precisaram ser socorridos para uma unidade de sa\u00fade.<\/p>\n<p>Desde que recebeu alta hospitalar, o jovem estava no Pres\u00eddio PB1. No entanto, nesta sexta-feira (24), ele deixou a unidade prisional, usar\u00e1 tornozeleira eletr\u00f4nica e poder\u00e1 responder pelo crime em liberdade.<\/p>\n<p>PB Agora<\/p>\n","protected":false},"excerpt":{"rendered":"<p>Foi liberado pela Justi\u00e7a o jovem suspeito de ter esfaqueado o padrasto, investigado por estuprar sua irm\u00e3. No in\u00edcio deste m\u00eas, o irm\u00e3o da v\u00edtima&hellip; <\/p>\n","protected":false},"author":6,"featured_media":265209,"comment_status":"closed","ping_status":"closed","sticky":false,"template":"","format":"standard","meta":{"sfsi_plus_gutenberg_text_before_share":"","sfsi_plus_gutenberg_show_text_before_share":"","sfsi_plus_gutenberg_icon_type":"","sfsi_plus_gutenberg_icon_alignemt":"","sfsi_plus_gutenburg_max_per_row":"","footnotes":""},"categories":[104],"tags":[],"class_list":["post-265205","post","type-post","status-publish","format-standard","has-post-thumbnail","hentry","category-paraiba"],"_links":{"self":[{"href":"https:\/\/www.caririemacao.com\/1\/wp-json\/wp\/v2\/posts\/265205","targetHints":{"allow":["GET"]}}],"collection":[{"href":"https:\/\/www.caririemacao.com\/1\/wp-json\/wp\/v2\/posts"}],"about":[{"href":"https:\/\/www.caririemacao.com\/1\/wp-json\/wp\/v2\/types\/post"}],"author":[{"embeddable":true,"href":"https:\/\/www.caririemacao.com\/1\/wp-json\/wp\/v2\/users\/6"}],"replies":[{"embeddable":true,"href":"https:\/\/www.caririemacao.com\/1\/wp-json\/wp\/v2\/comments?post=265205"}],"version-history":[{"count":1,"href":"https:\/\/www.caririemacao.com\/1\/wp-json\/wp\/v2\/posts\/265205\/revisions"}],"predecessor-version":[{"id":265210,"href":"https:\/\/www.caririemacao.com\/1\/wp-json\/wp\/v2\/posts\/265205\/revisions\/265210"}],"wp:featuredmedia":[{"embeddable":true,"href":"https:\/\/www.caririemacao.com\/1\/wp-json\/wp\/v2\/media\/265209"}],"wp:attachment":[{"href":"https:\/\/www.caririemacao.com\/1\/wp-json\/wp\/v2\/media?parent=265205"}],"wp:term":[{"taxonomy":"category","embeddable":true,"href":"https:\/\/www.caririemacao.com\/1\/wp-json\/wp\/v2\/categories?post=265205"},{"taxonomy":"post_tag","embeddable":true,"href":"https:\/\/www.caririemacao.com\/1\/wp-json\/wp\/v2\/tags?post=265205"}],"curies":[{"name":"wp","href":"https:\/\/api.w.org\/{rel}","templated":true}]}}