{"id":265211,"date":"2023-03-24T17:49:50","date_gmt":"2023-03-24T20:49:50","guid":{"rendered":"https:\/\/www.caririemacao.com\/1\/?p=265211"},"modified":"2023-03-24T17:49:50","modified_gmt":"2023-03-24T20:49:50","slug":"em-nota-prefeitura-de-gurjao-diz-que-empresa-vencedora-de-licitacao-para-cortes-de-terras-nao-compareceu-e-gestao-vai-tomar-medidas","status":"publish","type":"post","link":"https:\/\/www.caririemacao.com\/1\/2023\/03\/24\/em-nota-prefeitura-de-gurjao-diz-que-empresa-vencedora-de-licitacao-para-cortes-de-terras-nao-compareceu-e-gestao-vai-tomar-medidas\/","title":{"rendered":"Em nota, Prefeitura de Gurj\u00e3o diz que empresa vencedora de licita\u00e7\u00e3o para cortes de terras n\u00e3o compareceu e gest\u00e3o vai tomar medidas"},"content":{"rendered":"<p>A Prefeitura Municipal de Gurj\u00e3o emitiu uma nota nesta sexta-feira (24) devido a aus\u00eancia da empresa vencedora da licita\u00e7\u00e3o para realizar os cortes de terras n\u00e3o compareceu para inciar os trabalhos.<\/p>\n<p><strong>Confira a nota na \u00cdntegra:<\/strong><\/p>\n<p>\u201cA Prefeitura de Gurj\u00e3o, atrav\u00e9s da Secretaria de Desenvolvimento Rural, vem a p\u00fablico esclarecer a situa\u00e7\u00e3o referente ao atraso no corte de terra, que tem gerado preocupa\u00e7\u00e3o entre os nossos agricultores e produtores rurais.<\/p>\n<p>Informamos que o processo de licita\u00e7\u00e3o para contrata\u00e7\u00e3o da empresa respons\u00e1vel pelo servi\u00e7o foi realizado dentro dos padr\u00f5es legais e de transpar\u00eancia. No entanto, a empresa vencedora, tendo sido j\u00e1 contratada, n\u00e3o compareceu para iniciar os trabalhos conforme previsto.<\/p>\n<p>Diante disso, a prefeitura est\u00e1 tomando as medidas cab\u00edveis para resolver o impasse o mais r\u00e1pido poss\u00edvel, seja buscando uma solu\u00e7\u00e3o amig\u00e1vel com a empresa, seja convocando a segunda colocada na licita\u00e7\u00e3o.<\/p>\n<p>Assim, j\u00e1 notificamos a empresa para cumprir com o contato no prazo de at\u00e9 27 de mar\u00e7o.<br \/>\nEstamos empenhados em garantir que o corte de terra seja realizado dentro do prazo previsto, para que os nossos agricultores possam plantar suas lavouras com tranquilidade. Sabemos na urg\u00eancia devido o in\u00edcio das chuvas e a necessidade de se iniciar o plantio a tempo.<br \/>\nRefor\u00e7amos nosso compromisso com a transpar\u00eancia e a lisura nos processos de contrata\u00e7\u00e3o e gest\u00e3o p\u00fablica, e seguiremos trabalhando para oferecer servi\u00e7os de qualidade aos nossos mun\u00edcipes\u201d<\/p>\n","protected":false},"excerpt":{"rendered":"<p>A Prefeitura Municipal de Gurj\u00e3o emitiu uma nota nesta sexta-feira (24) devido a aus\u00eancia da empresa vencedora da licita\u00e7\u00e3o para realizar os cortes de terras&hellip; <\/p>\n","protected":false},"author":6,"featured_media":265213,"comment_status":"closed","ping_status":"closed","sticky":false,"template":"","format":"standard","meta":{"sfsi_plus_gutenberg_text_before_share":"","sfsi_plus_gutenberg_show_text_before_share":"","sfsi_plus_gutenberg_icon_type":"","sfsi_plus_gutenberg_icon_alignemt":"","sfsi_plus_gutenburg_max_per_row":"","footnotes":""},"categories":[1],"tags":[],"class_list":["post-265211","post","type-post","status-publish","format-standard","has-post-thumbnail","hentry","category-o-site"],"_links":{"self":[{"href":"https:\/\/www.caririemacao.com\/1\/wp-json\/wp\/v2\/posts\/265211","targetHints":{"allow":["GET"]}}],"collection":[{"href":"https:\/\/www.caririemacao.com\/1\/wp-json\/wp\/v2\/posts"}],"about":[{"href":"https:\/\/www.caririemacao.com\/1\/wp-json\/wp\/v2\/types\/post"}],"author":[{"embeddable":true,"href":"https:\/\/www.caririemacao.com\/1\/wp-json\/wp\/v2\/users\/6"}],"replies":[{"embeddable":true,"href":"https:\/\/www.caririemacao.com\/1\/wp-json\/wp\/v2\/comments?post=265211"}],"version-history":[{"count":1,"href":"https:\/\/www.caririemacao.com\/1\/wp-json\/wp\/v2\/posts\/265211\/revisions"}],"predecessor-version":[{"id":265214,"href":"https:\/\/www.caririemacao.com\/1\/wp-json\/wp\/v2\/posts\/265211\/revisions\/265214"}],"wp:featuredmedia":[{"embeddable":true,"href":"https:\/\/www.caririemacao.com\/1\/wp-json\/wp\/v2\/media\/265213"}],"wp:attachment":[{"href":"https:\/\/www.caririemacao.com\/1\/wp-json\/wp\/v2\/media?parent=265211"}],"wp:term":[{"taxonomy":"category","embeddable":true,"href":"https:\/\/www.caririemacao.com\/1\/wp-json\/wp\/v2\/categories?post=265211"},{"taxonomy":"post_tag","embeddable":true,"href":"https:\/\/www.caririemacao.com\/1\/wp-json\/wp\/v2\/tags?post=265211"}],"curies":[{"name":"wp","href":"https:\/\/api.w.org\/{rel}","templated":true}]}}