{"id":265217,"date":"2023-03-24T20:12:55","date_gmt":"2023-03-24T23:12:55","guid":{"rendered":"https:\/\/www.caririemacao.com\/1\/?p=265217"},"modified":"2023-03-24T20:12:55","modified_gmt":"2023-03-24T23:12:55","slug":"quadro-de-lula-e-bom-e-ele-deve-viajar-para-a-china-no-domingo-diz-medico","status":"publish","type":"post","link":"https:\/\/www.caririemacao.com\/1\/2023\/03\/24\/quadro-de-lula-e-bom-e-ele-deve-viajar-para-a-china-no-domingo-diz-medico\/","title":{"rendered":"Quadro de Lula \u00e9 bom e ele deve viajar para a China no domingo, diz m\u00e9dico"},"content":{"rendered":"<p>O m\u00e9dico de Lula (PT), Roberto Kalil Filho, disse ao blog na manh\u00e3 desta sexta-feira (24) que o presidente tem um quadro bom e deve viajar para a China no domingo (26), um dia depois do planejado.<\/p>\n<p>Kalil fez a afirma\u00e7\u00e3o ap\u00f3s avaliar o estado cl\u00ednico do presidente no Pal\u00e1cio da Alvorada.<\/p>\n<p>\u201c[O] quadro geral do presidente \u00e9 bom, ele est\u00e1 est\u00e1vel. Est\u00e1 medicado e deve viajar domingo [\u00e0 China]\u201d, afirmou Kalil.<\/p>\n<p>Lula foi diagnosticado com uma pneumonia viral leve, segundo Kalil, o que levou o presidente a adiar o embarque para a China, anteriormente previsto para o s\u00e1bado (25).<\/p>\n<p>O principal evento da agenda \u2013 o encontro com o presidente chin\u00eas, Xi Jinping \u2013 est\u00e1 previsto para ter\u00e7a-feira (28) e n\u00e3o deve ser afetado pela mudan\u00e7a no dia de embarque.<\/p>\n<p>Em evento de lan\u00e7amento da Campanha Nacional de Combate \u00e0 Tuberculose, a ministra da Sa\u00fade, N\u00edsia Trindade, afirmou que o presidente passa bem e est\u00e1 sendo tratado.<\/p>\n<p>&nbsp;<\/p>\n<p>Blog da Andr\u00e9ia Sadi<br \/>\nG1<\/p>\n<div id=\"pbago-5c1d972e67add79ca18bec910764e17a\" class=\"pbago-5c1d972e67add79ca18bec910764e17a pbago-depois-do-conteudo\">\n<div id=\"pbago-1144792632\" class=\"pbago-depois-do-conteudo\"><\/div>\n<\/div>\n","protected":false},"excerpt":{"rendered":"<p>O m\u00e9dico de Lula (PT), Roberto Kalil Filho, disse ao blog na manh\u00e3 desta sexta-feira (24) que o presidente tem um quadro bom e deve&hellip; <\/p>\n","protected":false},"author":6,"featured_media":264145,"comment_status":"closed","ping_status":"closed","sticky":false,"template":"","format":"standard","meta":{"sfsi_plus_gutenberg_text_before_share":"","sfsi_plus_gutenberg_show_text_before_share":"","sfsi_plus_gutenberg_icon_type":"","sfsi_plus_gutenberg_icon_alignemt":"","sfsi_plus_gutenburg_max_per_row":"","footnotes":""},"categories":[123],"tags":[],"class_list":["post-265217","post","type-post","status-publish","format-standard","has-post-thumbnail","hentry","category-brasil"],"_links":{"self":[{"href":"https:\/\/www.caririemacao.com\/1\/wp-json\/wp\/v2\/posts\/265217","targetHints":{"allow":["GET"]}}],"collection":[{"href":"https:\/\/www.caririemacao.com\/1\/wp-json\/wp\/v2\/posts"}],"about":[{"href":"https:\/\/www.caririemacao.com\/1\/wp-json\/wp\/v2\/types\/post"}],"author":[{"embeddable":true,"href":"https:\/\/www.caririemacao.com\/1\/wp-json\/wp\/v2\/users\/6"}],"replies":[{"embeddable":true,"href":"https:\/\/www.caririemacao.com\/1\/wp-json\/wp\/v2\/comments?post=265217"}],"version-history":[{"count":1,"href":"https:\/\/www.caririemacao.com\/1\/wp-json\/wp\/v2\/posts\/265217\/revisions"}],"predecessor-version":[{"id":265218,"href":"https:\/\/www.caririemacao.com\/1\/wp-json\/wp\/v2\/posts\/265217\/revisions\/265218"}],"wp:featuredmedia":[{"embeddable":true,"href":"https:\/\/www.caririemacao.com\/1\/wp-json\/wp\/v2\/media\/264145"}],"wp:attachment":[{"href":"https:\/\/www.caririemacao.com\/1\/wp-json\/wp\/v2\/media?parent=265217"}],"wp:term":[{"taxonomy":"category","embeddable":true,"href":"https:\/\/www.caririemacao.com\/1\/wp-json\/wp\/v2\/categories?post=265217"},{"taxonomy":"post_tag","embeddable":true,"href":"https:\/\/www.caririemacao.com\/1\/wp-json\/wp\/v2\/tags?post=265217"}],"curies":[{"name":"wp","href":"https:\/\/api.w.org\/{rel}","templated":true}]}}