{"id":265219,"date":"2023-03-25T07:33:28","date_gmt":"2023-03-25T10:33:28","guid":{"rendered":"https:\/\/www.caririemacao.com\/1\/?p=265219"},"modified":"2023-03-25T07:33:28","modified_gmt":"2023-03-25T10:33:28","slug":"fazenda-ja-respondeu-a-duvidas-de-lula-sobre-novo-marco-fiscal","status":"publish","type":"post","link":"https:\/\/www.caririemacao.com\/1\/2023\/03\/25\/fazenda-ja-respondeu-a-duvidas-de-lula-sobre-novo-marco-fiscal\/","title":{"rendered":"Fazenda j\u00e1 respondeu a d\u00favidas de Lula sobre novo marco fiscal"},"content":{"rendered":"<div class=\"row\">\n<p class=\"col-10 offset-1 animated fadeInDown dealy-900 display-8 display-md-8 alt-font font-italic my-1 text-center\" style=\"text-align: center;\"><em><strong>Texto ser\u00e1 reenviado ao presidente, que marcar\u00e1 data de apresenta\u00e7\u00e3o<\/strong><\/em><\/p>\n<p>A \u00e1rea t\u00e9cnica do Minist\u00e9rio da Fazenda j\u00e1 respondeu \u00e0s d\u00favidas do presidente Luiz In\u00e1cio Lula da Silva sobre as novas regras fiscais que substituir\u00e3o o teto de gastos, disse ontem sexta-feira (24) o ministro da Fazenda, Fernando Haddad. Segundo ele, o governo reenviar\u00e1 o texto do projeto de lei a Lula, que marcar\u00e1 a data de apresenta\u00e7\u00e3o, prevista para o in\u00edcio<span id=\"OBJ_PREFIX_DWT1025_com_zimbra_date\" role=\"link\">\u00a0de abril<\/span>, ap\u00f3s o fim da viagem oficial \u00e0 China.<img decoding=\"async\" data-src=\"https:\/\/agenciabrasil.ebc.com.br\/ebc.png?id=1518664&amp;o=node\" src=\"data:image\/svg+xml;base64,PHN2ZyB3aWR0aD0iMSIgaGVpZ2h0PSIxIiB4bWxucz0iaHR0cDovL3d3dy53My5vcmcvMjAwMC9zdmciPjwvc3ZnPg==\" class=\"lazyload\" \/><img decoding=\"async\" data-src=\"https:\/\/agenciabrasil.ebc.com.br\/ebc.gif?id=1518664&amp;o=node\" src=\"data:image\/svg+xml;base64,PHN2ZyB3aWR0aD0iMSIgaGVpZ2h0PSIxIiB4bWxucz0iaHR0cDovL3d3dy53My5vcmcvMjAwMC9zdmciPjwvc3ZnPg==\" class=\"lazyload\" \/><\/p>\n<p>\u201cA \u00e1rea t\u00e9cnica fechou [o texto]. Est\u00e1 tudo em ordem. Agora vamos voltar para o presidente, com as perguntas que ele fez e s\u00f3 marcar a data [do an\u00fancio]\u201d, disse Haddad ao retornar ao Minist\u00e9rio da Fazenda ap\u00f3s reuni\u00e3o do Conselho Pol\u00edtico no Pal\u00e1cio da Alvorada.<\/p>\n<p>Segundo o ministro, os questionamentos feitos por Lula na primeira apresenta\u00e7\u00e3o da minuta do projeto, na\u00a0<span id=\"OBJ_PREFIX_DWT1026_com_zimbra_date\" role=\"link\">sexta<\/span>-feira passada (17), j\u00e1 est\u00e3o esclarecidos. \u201cA palavra final \u00e9 sempre do presidente, at\u00e9 ser anunciado, a palavra final \u00e9 sempre dele. Ele pode fazer novas perguntas, mas as que foram feitas na reuni\u00e3o de\u00a0<span id=\"OBJ_PREFIX_DWT1027_com_zimbra_date\" role=\"link\">sexta<\/span>\u00a0passada j\u00e1 est\u00e3o elucidadas\u201d, completou.<\/p>\n<p>Em rela\u00e7\u00e3o \u00e0 sa\u00fade de Lula, diagnosticado com pneumonia leve, Haddad disse que o presidente comandou o encontro do Conselho Pol\u00edtico sem problemas. \u201cEle presidiu a reuni\u00e3o. Est\u00e1 tudo bem\u201d, declarou. Segundo o ministro, o encontro desta\u00a0<span id=\"OBJ_PREFIX_DWT1028_com_zimbra_date\" role=\"link\">sexta<\/span>-feira serviu para a divis\u00e3o de tarefas entre quem viaja com Lula \u00e0 China e quem fica no Brasil.<\/p>\n<p>Por causa da pneumonia,\u00a0o embarque da comitiva presidencial para a China foi adiado para domingo (26). Originalmente, a partida estava prevista para este s\u00e1bado (25). A viagem deve durar at\u00e9\u00a0<span id=\"OBJ_PREFIX_DWT1030_com_zimbra_date\" role=\"link\">31 de mar<\/span>\u00e7o.<\/p>\n<p>FONTE: Ag\u00eancia Brasil<\/p>\n<\/div>\n","protected":false},"excerpt":{"rendered":"<p>Texto ser\u00e1 reenviado ao presidente, que marcar\u00e1 data de apresenta\u00e7\u00e3o A \u00e1rea t\u00e9cnica do Minist\u00e9rio da Fazenda j\u00e1 respondeu \u00e0s d\u00favidas do presidente Luiz In\u00e1cio&hellip; <\/p>\n","protected":false},"author":6,"featured_media":265220,"comment_status":"closed","ping_status":"closed","sticky":false,"template":"","format":"standard","meta":{"sfsi_plus_gutenberg_text_before_share":"","sfsi_plus_gutenberg_show_text_before_share":"","sfsi_plus_gutenberg_icon_type":"","sfsi_plus_gutenberg_icon_alignemt":"","sfsi_plus_gutenburg_max_per_row":"","footnotes":""},"categories":[50,11],"tags":[],"class_list":["post-265219","post","type-post","status-publish","format-standard","has-post-thumbnail","hentry","category-destaque","category-politica"],"_links":{"self":[{"href":"https:\/\/www.caririemacao.com\/1\/wp-json\/wp\/v2\/posts\/265219","targetHints":{"allow":["GET"]}}],"collection":[{"href":"https:\/\/www.caririemacao.com\/1\/wp-json\/wp\/v2\/posts"}],"about":[{"href":"https:\/\/www.caririemacao.com\/1\/wp-json\/wp\/v2\/types\/post"}],"author":[{"embeddable":true,"href":"https:\/\/www.caririemacao.com\/1\/wp-json\/wp\/v2\/users\/6"}],"replies":[{"embeddable":true,"href":"https:\/\/www.caririemacao.com\/1\/wp-json\/wp\/v2\/comments?post=265219"}],"version-history":[{"count":1,"href":"https:\/\/www.caririemacao.com\/1\/wp-json\/wp\/v2\/posts\/265219\/revisions"}],"predecessor-version":[{"id":265221,"href":"https:\/\/www.caririemacao.com\/1\/wp-json\/wp\/v2\/posts\/265219\/revisions\/265221"}],"wp:featuredmedia":[{"embeddable":true,"href":"https:\/\/www.caririemacao.com\/1\/wp-json\/wp\/v2\/media\/265220"}],"wp:attachment":[{"href":"https:\/\/www.caririemacao.com\/1\/wp-json\/wp\/v2\/media?parent=265219"}],"wp:term":[{"taxonomy":"category","embeddable":true,"href":"https:\/\/www.caririemacao.com\/1\/wp-json\/wp\/v2\/categories?post=265219"},{"taxonomy":"post_tag","embeddable":true,"href":"https:\/\/www.caririemacao.com\/1\/wp-json\/wp\/v2\/tags?post=265219"}],"curies":[{"name":"wp","href":"https:\/\/api.w.org\/{rel}","templated":true}]}}