{"id":265222,"date":"2023-03-25T07:35:58","date_gmt":"2023-03-25T10:35:58","guid":{"rendered":"https:\/\/www.caririemacao.com\/1\/?p=265222"},"modified":"2023-03-25T07:35:58","modified_gmt":"2023-03-25T10:35:58","slug":"lula-vai-se-reunir-com-lira-para-discutir-mps-antes-de-viagem-a-china","status":"publish","type":"post","link":"https:\/\/www.caririemacao.com\/1\/2023\/03\/25\/lula-vai-se-reunir-com-lira-para-discutir-mps-antes-de-viagem-a-china\/","title":{"rendered":"Lula vai se reunir com Lira para discutir MPs antes de viagem \u00e0 China"},"content":{"rendered":"<div class=\"row\">\n<p class=\"col-10 offset-1 animated fadeInDown dealy-900 display-8 display-md-8 alt-font font-italic my-1 text-center\" style=\"text-align: center;\"><em><strong>Presidente tem previs\u00e3o de embarque neste domingo<\/strong><\/em><\/p>\n<p>O presidente Luiz In\u00e1cio Lula da Silva ir\u00e1 se reunir com o presidente da C\u00e2mara dos Deputados, Artur Lira (PP-AL), para tratar do tr\u00e2mite de\u00a0Medidas Provis\u00f3rias no Congresso Nacional. O encontro ocorrer\u00e1 antes da viagem de Lula \u00e0 China, segundo o ministro-chefe\u00a0da Secretaria de Comunica\u00e7\u00e3o Social (Secom)\u00a0da Presid\u00eancia da Rep\u00fablica, Paulo Pimenta.<img decoding=\"async\" data-src=\"https:\/\/agenciabrasil.ebc.com.br\/ebc.png?id=1518656&amp;o=node\" src=\"data:image\/svg+xml;base64,PHN2ZyB3aWR0aD0iMSIgaGVpZ2h0PSIxIiB4bWxucz0iaHR0cDovL3d3dy53My5vcmcvMjAwMC9zdmciPjwvc3ZnPg==\" class=\"lazyload\" \/><img decoding=\"async\" data-src=\"https:\/\/agenciabrasil.ebc.com.br\/ebc.gif?id=1518656&amp;o=node\" src=\"data:image\/svg+xml;base64,PHN2ZyB3aWR0aD0iMSIgaGVpZ2h0PSIxIiB4bWxucz0iaHR0cDovL3d3dy53My5vcmcvMjAwMC9zdmciPjwvc3ZnPg==\" class=\"lazyload\" \/><\/p>\n<p>\u201cComo o presidente Lula vai viajar, vai estar acompanhado do presidente do Senado, Rodrigo Pacheco, \u00e9 importante que o presidente [Lula] fale com o presidente Artur Lira antes da viagem. Eles j\u00e1 est\u00e3o combinando essa conversa, para que o presidente possa conversar, acompanhar com os dois presidentes das Casas o desdobramento dessa discuss\u00e3o. Temos interesse que tenha o maior equil\u00edbrio entre as Casas para que as mat\u00e9rias possam tramitar com rapidez\u201d, disse Pimenta, ap\u00f3s reuni\u00e3o com Lula no Pal\u00e1cio da Alvorada. O ministro\u00a0n\u00e3o informou quando ocorrer\u00e1 a reuni\u00e3o.<\/p>\n<p>H\u00e1 mais de 50 dias os\u00a0presidentes Arthur Lira e Rodrigo Pacheco travam uma queda de bra\u00e7o\u00a0sobre o rito de Medidas Provis\u00f3rias. Nessa quinta-feira (23), o presidente do Senado, Rodrigo Pacheco (PSD-MG), decidiu que a an\u00e1lise de medidas provis\u00f3rias enviadas pelo governo Lula\u00a0voltar\u00e1 a seguir o rito previsto na Constitui\u00e7\u00e3o Federal, ou seja, passar\u00e3o pelas comiss\u00f5es mistas.<\/p>\n<p>Desde 2020, para dar agilidade ao trabalho dos parlamentares por causa da pandemia da covid-19, foi retirada a an\u00e1lise de MPs em comiss\u00f5es mistas. Assim, as medidas provis\u00f3rias passaram a ser analisadas diretamente no plen\u00e1rio \u2013 primeiro na C\u00e2mara, por 90 dias, e depois no Senado, por 30 dias \u2013, permitida emendas. A medida foi justificada, \u00e0 \u00e9poca, como excepcional\u00edssima em raz\u00e3o das medidas emergenciais sanit\u00e1rias. Com a decis\u00e3o do presidente do Senado, as comiss\u00f5es mistas\u00a0devem ter imediatamente os membros indicados pelos l\u00edderes de cada Casa. Em cada an\u00e1lise de MP, a presid\u00eancia e a relatoria dos colegiados volta a ser alternada entre deputados e senadores.<\/p>\n<h2>Viagem China<\/h2>\n<p>O ministro Paulo Pimenta disse que o presidente Lula se recupera bem do quadro de pneumonia leve. Ele passar\u00e1 hoje s\u00e1bado (25) em repouso, com tratamento prescrito, mas j\u00e1 tem libera\u00e7\u00e3o do m\u00e9dico para embarcar no domingo (26) com destino \u00e0 China, maior parceiro comercial do Brasil.<\/p>\n<p>O embarque estava previsto para este s\u00e1bado, por\u00e9m foi\u00a0adiado para domingo ap\u00f3s o diagn\u00f3stico. No dia (23) \u00e0 noite, Lula passou por exames no Hospital S\u00edrio Liban\u00eas, em Bras\u00edlia, ap\u00f3s retornar de viagens que fez \u00e0 Para\u00edba, Pernambuco e Rio de Janeiro.<\/p>\n<p>\u201cO presidente est\u00e1 se sentindo bem, est\u00e1 muito motivado. Como ele vai viajar \u00e0 China no pr\u00f3ximo domingo, fez quest\u00e3o de marcar uma reuni\u00e3o com alguns ministros para poder planejar a semana que vem\u201d, afirmou Pimenta.<\/p>\n<p>De acordo com o ministro, a agenda de compromissos na China\u00a0n\u00e3o sofreu altera\u00e7\u00f5es.<\/p>\n<p>FONTE: Ag\u00eancia Brasil<\/p>\n<\/div>\n","protected":false},"excerpt":{"rendered":"<p>Presidente tem previs\u00e3o de embarque neste domingo O presidente Luiz In\u00e1cio Lula da Silva ir\u00e1 se reunir com o presidente da C\u00e2mara dos Deputados, Artur&hellip; <\/p>\n","protected":false},"author":6,"featured_media":265223,"comment_status":"closed","ping_status":"closed","sticky":false,"template":"","format":"standard","meta":{"sfsi_plus_gutenberg_text_before_share":"","sfsi_plus_gutenberg_show_text_before_share":"","sfsi_plus_gutenberg_icon_type":"","sfsi_plus_gutenberg_icon_alignemt":"","sfsi_plus_gutenburg_max_per_row":"","footnotes":""},"categories":[1],"tags":[],"class_list":["post-265222","post","type-post","status-publish","format-standard","has-post-thumbnail","hentry","category-o-site"],"_links":{"self":[{"href":"https:\/\/www.caririemacao.com\/1\/wp-json\/wp\/v2\/posts\/265222","targetHints":{"allow":["GET"]}}],"collection":[{"href":"https:\/\/www.caririemacao.com\/1\/wp-json\/wp\/v2\/posts"}],"about":[{"href":"https:\/\/www.caririemacao.com\/1\/wp-json\/wp\/v2\/types\/post"}],"author":[{"embeddable":true,"href":"https:\/\/www.caririemacao.com\/1\/wp-json\/wp\/v2\/users\/6"}],"replies":[{"embeddable":true,"href":"https:\/\/www.caririemacao.com\/1\/wp-json\/wp\/v2\/comments?post=265222"}],"version-history":[{"count":1,"href":"https:\/\/www.caririemacao.com\/1\/wp-json\/wp\/v2\/posts\/265222\/revisions"}],"predecessor-version":[{"id":265224,"href":"https:\/\/www.caririemacao.com\/1\/wp-json\/wp\/v2\/posts\/265222\/revisions\/265224"}],"wp:featuredmedia":[{"embeddable":true,"href":"https:\/\/www.caririemacao.com\/1\/wp-json\/wp\/v2\/media\/265223"}],"wp:attachment":[{"href":"https:\/\/www.caririemacao.com\/1\/wp-json\/wp\/v2\/media?parent=265222"}],"wp:term":[{"taxonomy":"category","embeddable":true,"href":"https:\/\/www.caririemacao.com\/1\/wp-json\/wp\/v2\/categories?post=265222"},{"taxonomy":"post_tag","embeddable":true,"href":"https:\/\/www.caririemacao.com\/1\/wp-json\/wp\/v2\/tags?post=265222"}],"curies":[{"name":"wp","href":"https:\/\/api.w.org\/{rel}","templated":true}]}}