{"id":265228,"date":"2023-03-25T07:40:19","date_gmt":"2023-03-25T10:40:19","guid":{"rendered":"https:\/\/www.caririemacao.com\/1\/?p=265228"},"modified":"2023-03-25T07:40:19","modified_gmt":"2023-03-25T10:40:19","slug":"paraiba-registra-194-novos-casos-de-tuberculose-nos-tres-primeiros-meses-de-2023","status":"publish","type":"post","link":"https:\/\/www.caririemacao.com\/1\/2023\/03\/25\/paraiba-registra-194-novos-casos-de-tuberculose-nos-tres-primeiros-meses-de-2023\/","title":{"rendered":"Para\u00edba registra 194 novos casos de tuberculose nos tr\u00eas primeiros meses de 2023"},"content":{"rendered":"<header class=\"pg-newDetail__header\">\n<div class=\"gs-container\">\n<div class=\"pg-newDetail__header__content\">\n<p class=\"pg-newDetail__resume\"><em><strong>Atualmente, a tuberculose \u00e9 a segunda doen\u00e7a infecciosa que mais mata, atr\u00e1s apenas da covid-19, e a principal causa de morte entre pessoas portadoras de HIV e Aids.<\/strong><\/em><\/p>\n<\/div>\n<\/div>\n<\/header>\n<div class=\"pg-newDetail__main gs-container\">\n<p>Ontem, sexta-feira (24) \u00e9 comemorado o dia mundial de combate a tuberculose, e a Para\u00edba registrou, at\u00e9 o dia 07 de mar\u00e7o deste ano, 194 novos casos da doen\u00e7a. De acordo com a Secretaria Estadual de Sa\u00fade (SES), no ano passado houve um total de 1.450 casos novos notificados.<\/p>\n<p>De acordo com o Minist\u00e9rio da sa\u00fade, O Brasil registrou 78 mil novos casos de tuberculose no ano passado \u2013 um aumento de 4,9% em rela\u00e7\u00e3o ao ano de 2021, quando o pa\u00eds teve recorde de mortes pela doen\u00e7a \u2013 5 mil no total, maior n\u00famero registrado nos \u00faltimos dez anos. Atualmente, a tuberculose\u00a0 \u00e9\u00a0 a segunda doen\u00e7a infecciosa que mais mata, atr\u00e1s apenas da covid-19, e a principal causa de morte entre pessoas postadoras de HIV e Aids.<\/p>\n<p>Ainda segundo o Minist\u00e9rio da Sa\u00fade, homens de 20 a 64 anos apresentam risco tr\u00eas vezes maior de contrair a tuberculose do que mulheres na mesma faixa et\u00e1ria. Em 2022, o pa\u00eds contabilizou 2,7 mil casos em menores de 15 anos, sendo 37% dessas notifica\u00e7\u00f5es referentes a crian\u00e7as de at\u00e9 quatro anos.<\/p>\n<p>A tuberculose \u00e9 uma doen\u00e7a infecciosa e transmiss\u00edvel, causada pelo &#8216;Mycobacterium Tuberculose&#8217; que afeta, principalmente, os pulm\u00f5es.\u00a0 A infec\u00e7\u00e3o precisa ser tratada de forma correta e r\u00e1pida. Para isso, as pessoas com sintomas devem procurar atendimento nas Unidades B\u00e1sicas de Sa\u00fade (UBS), que \u00e9 a porta de entrada para atender pacientes com tuberculose.<\/p>\n<p>O tratamento da doen\u00e7a \u00e9 gratuito e ofertado nos servi\u00e7os de sa\u00fade pelo Sistema Unico de Sa\u00fade (SUS). Apenas os casos que necessitam de acompanhamento por especialistas \u00e9 que devem ser encaminhados para os servi\u00e7os de refer\u00eancia, como o Hospital Clementino Fraga.<\/p>\n<p>O diagn\u00f3stico da doen\u00e7a \u00e9 feito a partir de um exame\u00a0 simples, por meio da coleta do escarro, que precisa ser encaminhada para o Laborat\u00f3rio Municipal ou para o Laborat\u00f3rio de Sa\u00fade P\u00fablica da Para\u00edba (Lacen-PB).<\/p>\n<p>FONTE: Click PB<\/p>\n<\/div>\n","protected":false},"excerpt":{"rendered":"<p>Atualmente, a tuberculose \u00e9 a segunda doen\u00e7a infecciosa que mais mata, atr\u00e1s apenas da covid-19, e a principal causa de morte entre pessoas portadoras de&hellip; <\/p>\n","protected":false},"author":6,"featured_media":265229,"comment_status":"closed","ping_status":"closed","sticky":false,"template":"","format":"standard","meta":{"sfsi_plus_gutenberg_text_before_share":"","sfsi_plus_gutenberg_show_text_before_share":"","sfsi_plus_gutenberg_icon_type":"","sfsi_plus_gutenberg_icon_alignemt":"","sfsi_plus_gutenburg_max_per_row":"","footnotes":""},"categories":[50,16],"tags":[],"class_list":["post-265228","post","type-post","status-publish","format-standard","has-post-thumbnail","hentry","category-destaque","category-saude"],"_links":{"self":[{"href":"https:\/\/www.caririemacao.com\/1\/wp-json\/wp\/v2\/posts\/265228","targetHints":{"allow":["GET"]}}],"collection":[{"href":"https:\/\/www.caririemacao.com\/1\/wp-json\/wp\/v2\/posts"}],"about":[{"href":"https:\/\/www.caririemacao.com\/1\/wp-json\/wp\/v2\/types\/post"}],"author":[{"embeddable":true,"href":"https:\/\/www.caririemacao.com\/1\/wp-json\/wp\/v2\/users\/6"}],"replies":[{"embeddable":true,"href":"https:\/\/www.caririemacao.com\/1\/wp-json\/wp\/v2\/comments?post=265228"}],"version-history":[{"count":1,"href":"https:\/\/www.caririemacao.com\/1\/wp-json\/wp\/v2\/posts\/265228\/revisions"}],"predecessor-version":[{"id":265230,"href":"https:\/\/www.caririemacao.com\/1\/wp-json\/wp\/v2\/posts\/265228\/revisions\/265230"}],"wp:featuredmedia":[{"embeddable":true,"href":"https:\/\/www.caririemacao.com\/1\/wp-json\/wp\/v2\/media\/265229"}],"wp:attachment":[{"href":"https:\/\/www.caririemacao.com\/1\/wp-json\/wp\/v2\/media?parent=265228"}],"wp:term":[{"taxonomy":"category","embeddable":true,"href":"https:\/\/www.caririemacao.com\/1\/wp-json\/wp\/v2\/categories?post=265228"},{"taxonomy":"post_tag","embeddable":true,"href":"https:\/\/www.caririemacao.com\/1\/wp-json\/wp\/v2\/tags?post=265228"}],"curies":[{"name":"wp","href":"https:\/\/api.w.org\/{rel}","templated":true}]}}