{"id":26524,"date":"2017-08-19T15:25:38","date_gmt":"2017-08-19T18:25:38","guid":{"rendered":"http:\/\/caririemacao.com\/1\/?p=26524"},"modified":"2017-08-20T12:47:38","modified_gmt":"2017-08-20T15:47:38","slug":"lula-encontra-lulinha-de-2-anos-em-dia-de-caravana-dedicado-aos-jovens","status":"publish","type":"post","link":"https:\/\/www.caririemacao.com\/1\/2017\/08\/19\/lula-encontra-lulinha-de-2-anos-em-dia-de-caravana-dedicado-aos-jovens\/","title":{"rendered":"Lula encontra Lulinha de 2 anos em dia de caravana dedicado aos jovens"},"content":{"rendered":"<p>O ex-presidente Luiz In\u00e1cio Lula da Silva dedicou o segundo dia de sua caravana pelo Nordeste para se encontrar com jovens da cidade de Cruz das Almas (BA), a 157 km de Salvador. E foi l\u00e1 que encontrou outro Lulinha, Luiz In\u00e1cio Magalh\u00e3es, um garoto de dois anos.<\/p>\n<p>O nome do garoto foi dado pela m\u00e3e, a assistente social\u00a0Tahita\u00a0Magalh\u00e3es, 34, em homenagem ao ex-presidente.\u00a0Filiada ao PT desde 2002,\u00a0Tahita\u00a0diz que escolheu o nome de seu primeiro e \u00fanico filho\u00a0por admira\u00e7\u00e3o aos feitos de Lula em dois mandatos como presidente. &#8220;Lula representa tudo, toda essa mudan\u00e7a; representa o povo nordestino. Todos melhoraram de vida, n\u00e3o tinha como n\u00e3o fazer essa homenagem&#8221;, disse a mae do garoto.<\/p>\n<p><a href=\"http:\/\/caririemacao.com\/1\/wp-content\/uploads\/2017\/08\/20842285_1654157227929447_8384106575408791141_n.jpg\"><img fetchpriority=\"high\" decoding=\"async\" class=\"size-medium wp-image-26525 aligncenter\" src=\"http:\/\/caririemacao.com\/1\/wp-content\/uploads\/2017\/08\/20842285_1654157227929447_8384106575408791141_n-241x300.jpg\" alt=\"\" width=\"241\" height=\"300\" srcset=\"https:\/\/www.caririemacao.com\/1\/wp-content\/uploads\/2017\/08\/20842285_1654157227929447_8384106575408791141_n-241x300.jpg 241w, https:\/\/www.caririemacao.com\/1\/wp-content\/uploads\/2017\/08\/20842285_1654157227929447_8384106575408791141_n.jpg 640w\" sizes=\"(max-width: 241px) 100vw, 241px\" \/><\/a><\/p>\n<p>O encontro entre Lula e Lulinha se deu no palco do Festival da Juventude, em Cruz das Almas. O ex-presidente pegou a crian\u00e7a nos bra\u00e7os e a ergueu. Nos bastidores, conversou com a m\u00e3e e tirou fotos.<\/p>\n<p>&#8220;Ele ficou muito emocionado em \u00a0em receber essa homenagem. Pegou ele no colo, tiraram fotos&#8221;, contou. &#8220;Eu me emocionei e tamb\u00e9m chorei. N\u00e3o tem nem como descrever a emo\u00e7\u00e3o.&#8221; Ap\u00f3s conhecer o garoto, Lula afirmou em seu discurso que, se retirado da pol\u00edtica, seus\u00a0advers\u00e1rios ver\u00e3o &#8220;quantos Lulinhas j\u00e1 nasceram&#8221; no Brasil.<\/p>\n<p>&#8220;Eles se enganam quando\u00a0acham que\u00a0tentando tirar o Lula da pol\u00edtica eles resolvem o problema. Eu alerto todo dia: eles v\u00e3o perceber que o problema desse pa\u00eds n\u00e3o \u00e9 causado pelo Lula, porque o Lula \u00e9 apenas uma pessoa, e eles t\u00eam de preocupar com os milh\u00f5es de meninas e rapazes jovens desse pa\u00eds que n\u00e3o querem mais viver sob um complexo de vira-lata subordinado a pol\u00edtica das grandes na\u00e7\u00f5es.\u00a0Ent\u00e3o meu filho, atrapalhem o Lula e voc\u00eas v\u00e3o ver quantos &#8216;Lulinhas&#8217; j\u00e1 nasceram nesse pa\u00eds&#8221;, bradou.<\/p>\n<p><strong>CARIRI EM A\u00c7\u00c3O<\/strong><\/p>\n<p>Com Uol<\/p>\n<p><strong>Leia mais not\u00edcias em\u00a0<\/strong><a href=\"http:\/\/www.caririemacao.com\/\"><strong>caririemacao.com<\/strong><\/a><strong>, siga nossa p\u00e1gina no\u00a0<\/strong><a href=\"https:\/\/www.facebook.com\/CaririEmAcao\/?ref=aymt_homepage_panel\"><strong>Facebook<\/strong><\/a>,<strong>\u00a0<\/strong><a href=\"https:\/\/www.instagram.com\/cariri_em_acao\/?hl=pt-br\"><strong>Instagram<\/strong><\/a><strong>\u00a0e <\/strong><a href=\"https:\/\/www.youtube.com\/channel\/UCAptA0jQuYQy8vMhLt2m4qg\"><strong>Youtube<\/strong><\/a><strong>\u00a0e veja nossas mat\u00e9rias, v\u00eddeos e fotos. Voc\u00ea tamb\u00e9m pode enviar informa\u00e7\u00f5es \u00e0 Reda\u00e7\u00e3o do Portal Cariri em A\u00e7\u00e3o pelo WhatsApp (83) 9 9634.5791, (83) 9 9601-1162.<\/strong><\/p>\n","protected":false},"excerpt":{"rendered":"<p>O ex-presidente Luiz In\u00e1cio Lula da Silva dedicou o segundo dia de sua caravana pelo Nordeste para se encontrar com jovens da cidade de Cruz&hellip; <\/p>\n","protected":false},"author":2,"featured_media":26526,"comment_status":"closed","ping_status":"closed","sticky":false,"template":"","format":"standard","meta":{"sfsi_plus_gutenberg_text_before_share":"","sfsi_plus_gutenberg_show_text_before_share":"","sfsi_plus_gutenberg_icon_type":"","sfsi_plus_gutenberg_icon_alignemt":"","sfsi_plus_gutenburg_max_per_row":"","footnotes":""},"categories":[11],"tags":[],"class_list":["post-26524","post","type-post","status-publish","format-standard","has-post-thumbnail","hentry","category-politica"],"_links":{"self":[{"href":"https:\/\/www.caririemacao.com\/1\/wp-json\/wp\/v2\/posts\/26524","targetHints":{"allow":["GET"]}}],"collection":[{"href":"https:\/\/www.caririemacao.com\/1\/wp-json\/wp\/v2\/posts"}],"about":[{"href":"https:\/\/www.caririemacao.com\/1\/wp-json\/wp\/v2\/types\/post"}],"author":[{"embeddable":true,"href":"https:\/\/www.caririemacao.com\/1\/wp-json\/wp\/v2\/users\/2"}],"replies":[{"embeddable":true,"href":"https:\/\/www.caririemacao.com\/1\/wp-json\/wp\/v2\/comments?post=26524"}],"version-history":[{"count":0,"href":"https:\/\/www.caririemacao.com\/1\/wp-json\/wp\/v2\/posts\/26524\/revisions"}],"wp:featuredmedia":[{"embeddable":true,"href":"https:\/\/www.caririemacao.com\/1\/wp-json\/wp\/v2\/media\/26526"}],"wp:attachment":[{"href":"https:\/\/www.caririemacao.com\/1\/wp-json\/wp\/v2\/media?parent=26524"}],"wp:term":[{"taxonomy":"category","embeddable":true,"href":"https:\/\/www.caririemacao.com\/1\/wp-json\/wp\/v2\/categories?post=26524"},{"taxonomy":"post_tag","embeddable":true,"href":"https:\/\/www.caririemacao.com\/1\/wp-json\/wp\/v2\/tags?post=26524"}],"curies":[{"name":"wp","href":"https:\/\/api.w.org\/{rel}","templated":true}]}}