{"id":26531,"date":"2017-08-20T02:19:37","date_gmt":"2017-08-20T05:19:37","guid":{"rendered":"http:\/\/caririemacao.com\/1\/?p=26531"},"modified":"2017-08-20T02:19:37","modified_gmt":"2017-08-20T05:19:37","slug":"notificacao-para-george-aquino-e-publicada-pela-2a-vez-no-diario-oficial-da-camara","status":"publish","type":"post","link":"https:\/\/www.caririemacao.com\/1\/2017\/08\/20\/notificacao-para-george-aquino-e-publicada-pela-2a-vez-no-diario-oficial-da-camara\/","title":{"rendered":"Notifica\u00e7\u00e3o para George Aquino \u00e9 publicada pela 2\u00aa vez no Di\u00e1rio Oficial da C\u00e2mara"},"content":{"rendered":"<p>A Comiss\u00e3o Processante criada na C\u00e2mara de Vereadores de S\u00e3o Jo\u00e3o do Cariri para apurar den\u00fancias apresentadas pelo Partido Trabalhista Crist\u00e3o (PTC) em desfavor do vereador George Hilton Barros de Aquino publica pela segunda vez no Di\u00e1rio Oficial a notifica\u00e7\u00e3o para que o vereador citado nas den\u00fancias possam fazer sua defesa perante a comiss\u00e3o.<\/p>\n<p><a href=\"http:\/\/caririemacao.com\/1\/wp-content\/uploads\/2017\/08\/diarioOficial_15-08-2017.pdf\">Veja neste link a publica\u00e7\u00e3o da notifica\u00e7\u00e3o no Di\u00e1rio Oficial<\/a><\/p>\n<p>Vale lembrar que a Comiss\u00e3o Processante \u00e9 composta pelos vereadores Robson (presidente), Francisco J\u00fanior (relator) e Romero (membro).<\/p>\n<p><strong>CARIRI EM A\u00c7\u00c3O<\/strong><\/p>\n<p>Leia mais not\u00edcias em\u00a0<a href=\"http:\/\/www.caririemacao.com\/\">caririemacao.com<\/a>, siga nossa p\u00e1gina no\u00a0<a href=\"https:\/\/www.facebook.com\/CaririEmAcao\/?ref=aymt_homepage_panel\">Facebook<\/a>,\u00a0<a href=\"https:\/\/www.instagram.com\/cariri_em_acao\/?hl=pt-br\">Instagram<\/a>\u00a0e <a href=\"https:\/\/www.youtube.com\/channel\/UCAptA0jQuYQy8vMhLt2m4qg\">Youtube<\/a>\u00a0e veja nossas mat\u00e9rias, v\u00eddeos e fotos. Voc\u00ea tamb\u00e9m pode enviar informa\u00e7\u00f5es \u00e0 Reda\u00e7\u00e3o do Portal Cariri em A\u00e7\u00e3o pelo WhatsApp (83) 9 9634.5791, (83) 9 9601-1162.<\/p>\n","protected":false},"excerpt":{"rendered":"<p>A Comiss\u00e3o Processante criada na C\u00e2mara de Vereadores de S\u00e3o Jo\u00e3o do Cariri para apurar den\u00fancias apresentadas pelo Partido Trabalhista Crist\u00e3o (PTC) em desfavor do&hellip; <\/p>\n","protected":false},"author":2,"featured_media":26533,"comment_status":"closed","ping_status":"closed","sticky":false,"template":"","format":"standard","meta":{"sfsi_plus_gutenberg_text_before_share":"","sfsi_plus_gutenberg_show_text_before_share":"","sfsi_plus_gutenberg_icon_type":"","sfsi_plus_gutenberg_icon_alignemt":"","sfsi_plus_gutenburg_max_per_row":"","footnotes":""},"categories":[2],"tags":[],"class_list":["post-26531","post","type-post","status-publish","format-standard","has-post-thumbnail","hentry","category-geral"],"_links":{"self":[{"href":"https:\/\/www.caririemacao.com\/1\/wp-json\/wp\/v2\/posts\/26531","targetHints":{"allow":["GET"]}}],"collection":[{"href":"https:\/\/www.caririemacao.com\/1\/wp-json\/wp\/v2\/posts"}],"about":[{"href":"https:\/\/www.caririemacao.com\/1\/wp-json\/wp\/v2\/types\/post"}],"author":[{"embeddable":true,"href":"https:\/\/www.caririemacao.com\/1\/wp-json\/wp\/v2\/users\/2"}],"replies":[{"embeddable":true,"href":"https:\/\/www.caririemacao.com\/1\/wp-json\/wp\/v2\/comments?post=26531"}],"version-history":[{"count":0,"href":"https:\/\/www.caririemacao.com\/1\/wp-json\/wp\/v2\/posts\/26531\/revisions"}],"wp:featuredmedia":[{"embeddable":true,"href":"https:\/\/www.caririemacao.com\/1\/wp-json\/wp\/v2\/media\/26533"}],"wp:attachment":[{"href":"https:\/\/www.caririemacao.com\/1\/wp-json\/wp\/v2\/media?parent=26531"}],"wp:term":[{"taxonomy":"category","embeddable":true,"href":"https:\/\/www.caririemacao.com\/1\/wp-json\/wp\/v2\/categories?post=26531"},{"taxonomy":"post_tag","embeddable":true,"href":"https:\/\/www.caririemacao.com\/1\/wp-json\/wp\/v2\/tags?post=26531"}],"curies":[{"name":"wp","href":"https:\/\/api.w.org\/{rel}","templated":true}]}}