{"id":26548,"date":"2017-08-20T09:48:28","date_gmt":"2017-08-20T12:48:28","guid":{"rendered":"http:\/\/caririemacao.com\/1\/?p=26548"},"modified":"2017-08-20T09:48:28","modified_gmt":"2017-08-20T12:48:28","slug":"sumeense-tem-livro-lancando-em-joao-pessoa","status":"publish","type":"post","link":"https:\/\/www.caririemacao.com\/1\/2017\/08\/20\/sumeense-tem-livro-lancando-em-joao-pessoa\/","title":{"rendered":"Sumeense tem livro lan\u00e7ando em Jo\u00e3o Pessoa"},"content":{"rendered":"<p>O escritor sumeense Sonielson Juvino teve um de seus livros lan\u00e7ando na noite desta sexta-feira, \u00a0dia 18, no Espa\u00e7o Cultural Jos\u00e9 Lins do R\u00eago, na capital Jo\u00e3o Pessoa, dentro da programa\u00e7\u00e3o\u00a0do Agosto das Letras traz.<\/p>\n<p>O livro lan\u00e7ado \u00e9 o <strong>Po\u00e7os de cavados nos tempo: memorial de palavras n\u00e3o ditas<\/strong>, vencedor em 2014 do Pr\u00eamio Liter\u00e1rio Jos\u00e9 Am\u00e9rico de Almeida, na categoria contos.<\/p>\n<p>Sonielson Juvino foi vencedor do Pr\u00eamio Jos\u00e9 Am\u00e9rico de Almeida, da Funesc, em 2014, e estava aguardando o grande dia para o lan\u00e7amento de sua obra liter\u00e1ria.<\/p>\n<p><strong>CARIRI EM A\u00c7\u00c3O<\/strong><\/p>\n<p><strong>Leia mais not\u00edcias em\u00a0<\/strong><a href=\"http:\/\/www.caririemacao.com\/\"><strong>caririemacao.com<\/strong><\/a><strong>, siga nossa p\u00e1gina no\u00a0<a href=\"https:\/\/www.facebook.com\/CaririEmAcao\/?ref=aymt_homepage_panel\">Facebook<\/a>,\u00a0<a href=\"https:\/\/www.instagram.com\/cariri_em_acao\/?hl=pt-br\">Instagram<\/a>\u00a0e <\/strong><a href=\"https:\/\/www.youtube.com\/channel\/UCAptA0jQuYQy8vMhLt2m4qg\"><strong>Youtube<\/strong><\/a><strong>\u00a0e veja nossas mat\u00e9rias, v\u00eddeos e fotos. Voc\u00ea tamb\u00e9m pode enviar informa\u00e7\u00f5es \u00e0 Reda\u00e7\u00e3o do Portal Cariri em A\u00e7\u00e3o pelo WhatsApp (83) 9 9634.5791, (83) 9 9601-1162.<\/strong><\/p>\n","protected":false},"excerpt":{"rendered":"<p>O escritor sumeense Sonielson Juvino teve um de seus livros lan\u00e7ando na noite desta sexta-feira, \u00a0dia 18, no Espa\u00e7o Cultural Jos\u00e9 Lins do R\u00eago, na&hellip; <\/p>\n","protected":false},"author":2,"featured_media":26549,"comment_status":"closed","ping_status":"closed","sticky":false,"template":"","format":"standard","meta":{"sfsi_plus_gutenberg_text_before_share":"","sfsi_plus_gutenberg_show_text_before_share":"","sfsi_plus_gutenberg_icon_type":"","sfsi_plus_gutenberg_icon_alignemt":"","sfsi_plus_gutenburg_max_per_row":"","footnotes":""},"categories":[2],"tags":[],"class_list":["post-26548","post","type-post","status-publish","format-standard","has-post-thumbnail","hentry","category-geral"],"_links":{"self":[{"href":"https:\/\/www.caririemacao.com\/1\/wp-json\/wp\/v2\/posts\/26548","targetHints":{"allow":["GET"]}}],"collection":[{"href":"https:\/\/www.caririemacao.com\/1\/wp-json\/wp\/v2\/posts"}],"about":[{"href":"https:\/\/www.caririemacao.com\/1\/wp-json\/wp\/v2\/types\/post"}],"author":[{"embeddable":true,"href":"https:\/\/www.caririemacao.com\/1\/wp-json\/wp\/v2\/users\/2"}],"replies":[{"embeddable":true,"href":"https:\/\/www.caririemacao.com\/1\/wp-json\/wp\/v2\/comments?post=26548"}],"version-history":[{"count":0,"href":"https:\/\/www.caririemacao.com\/1\/wp-json\/wp\/v2\/posts\/26548\/revisions"}],"wp:featuredmedia":[{"embeddable":true,"href":"https:\/\/www.caririemacao.com\/1\/wp-json\/wp\/v2\/media\/26549"}],"wp:attachment":[{"href":"https:\/\/www.caririemacao.com\/1\/wp-json\/wp\/v2\/media?parent=26548"}],"wp:term":[{"taxonomy":"category","embeddable":true,"href":"https:\/\/www.caririemacao.com\/1\/wp-json\/wp\/v2\/categories?post=26548"},{"taxonomy":"post_tag","embeddable":true,"href":"https:\/\/www.caririemacao.com\/1\/wp-json\/wp\/v2\/tags?post=26548"}],"curies":[{"name":"wp","href":"https:\/\/api.w.org\/{rel}","templated":true}]}}