{"id":26551,"date":"2017-08-20T10:08:55","date_gmt":"2017-08-20T13:08:55","guid":{"rendered":"http:\/\/caririemacao.com\/1\/?p=26551"},"modified":"2017-08-20T10:08:55","modified_gmt":"2017-08-20T13:08:55","slug":"prefeitura-de-serra-branca-lanca-programa-crianca-feliz","status":"publish","type":"post","link":"https:\/\/www.caririemacao.com\/1\/2017\/08\/20\/prefeitura-de-serra-branca-lanca-programa-crianca-feliz\/","title":{"rendered":"Prefeitura de Serra Branca lan\u00e7a Programa Crian\u00e7a Feliz"},"content":{"rendered":"<p>A Prefeitura de Serra Branca, atrav\u00e9s da Secretaria de Assist\u00eancia Social realizou nesta sexta-feira (18\/08) o lan\u00e7amento oficial do PROGRAMA CRIAN\u00c7A FELIZ, rec\u00e9m implantado no munic\u00edpio Serra Branca.<\/p>\n<p><a href=\"http:\/\/caririemacao.com\/1\/wp-content\/uploads\/2017\/08\/20881911_1575645422475253_51561768320028349_n.jpg\"><img fetchpriority=\"high\" decoding=\"async\" class=\"aligncenter wp-image-26553 size-full\" src=\"http:\/\/caririemacao.com\/1\/wp-content\/uploads\/2017\/08\/20881911_1575645422475253_51561768320028349_n.jpg\" alt=\"\" width=\"960\" height=\"720\" srcset=\"https:\/\/www.caririemacao.com\/1\/wp-content\/uploads\/2017\/08\/20881911_1575645422475253_51561768320028349_n.jpg 960w, https:\/\/www.caririemacao.com\/1\/wp-content\/uploads\/2017\/08\/20881911_1575645422475253_51561768320028349_n-300x225.jpg 300w, https:\/\/www.caririemacao.com\/1\/wp-content\/uploads\/2017\/08\/20881911_1575645422475253_51561768320028349_n-768x576.jpg 768w\" sizes=\"(max-width: 960px) 100vw, 960px\" \/><\/a><\/p>\n<p>O audit\u00f3rio do\u00a0Cras de Serra Branca\u00a0ficou lotado de representantes do Poder Executivo, com a presen\u00e7a do vice-prefeito Joda Zuza e dos secret\u00e1rios de Servi\u00e7os Urbanos, Tarc\u00edsio Trajano e de Educa\u00e7\u00e3o Dudah, dos vereadores Egberto Ferreira e\u00a0Di\u00f3genes Sales\u00a0e da Rede de Prote\u00e7\u00e3o, representada pelos agentes Comunit\u00e1rios de Sa\u00fade, Equipes NASF, CAPS e Conselho Tutelar, e ainda do \u00f3rg\u00e3o que trabalha diretamente com a primeira inf\u00e2ncia\u00a0a Creche Jo\u00e3o Paulo SB,\u00a0atrav\u00e9s de sua diretora\u00a0Kyara Melline Silva Araujo.<\/p>\n<p><a href=\"http:\/\/caririemacao.com\/1\/wp-content\/uploads\/2017\/08\/20914354_1575645375808591_1893716775941370545_n.jpg\"><img decoding=\"async\" class=\"aligncenter wp-image-26554 size-full lazyload\" data-src=\"http:\/\/caririemacao.com\/1\/wp-content\/uploads\/2017\/08\/20914354_1575645375808591_1893716775941370545_n.jpg\" alt=\"\" width=\"960\" height=\"720\" data-srcset=\"https:\/\/www.caririemacao.com\/1\/wp-content\/uploads\/2017\/08\/20914354_1575645375808591_1893716775941370545_n.jpg 960w, https:\/\/www.caririemacao.com\/1\/wp-content\/uploads\/2017\/08\/20914354_1575645375808591_1893716775941370545_n-300x225.jpg 300w, https:\/\/www.caririemacao.com\/1\/wp-content\/uploads\/2017\/08\/20914354_1575645375808591_1893716775941370545_n-768x576.jpg 768w\" data-sizes=\"(max-width: 960px) 100vw, 960px\" src=\"data:image\/svg+xml;base64,PHN2ZyB3aWR0aD0iMSIgaGVpZ2h0PSIxIiB4bWxucz0iaHR0cDovL3d3dy53My5vcmcvMjAwMC9zdmciPjwvc3ZnPg==\" style=\"--smush-placeholder-width: 960px; --smush-placeholder-aspect-ratio: 960\/720;\" \/><\/a><\/p>\n<p>O segundo de Assist\u00eancia Social, Aderbal Brito (Leka), aproveitou para desejar sucesso a todos os envolvendo neste programa e agradecer as equipes pelo empenho. \u201cAgrade\u00e7o primeiramente a Deus por ter dado, mais vez, essa oportunidade ter um olhar especial para as crian\u00e7as de 0 a 6 anos, ao nosso prefeito\u00a0Vicente Fialho De Souza Neto\u00a0que n\u00e3o mede esfor\u00e7os para melhorar o trabalho social no munic\u00edpio e a todos que fizeram parte deste momento fortalecendo esta rede que ir\u00e1 trabalhar de m\u00e3os dadas para oferecer uma melhor qualidade de vida as nossas crian\u00e7as.\u00a0E n\u00e3o poderia deixar de agradecer a minha incans\u00e1vel equipe da Secretaria de Assist\u00eancia Social (todos os Programas) pela colabora\u00e7\u00e3o. Obrigado Senhor Deus por tudo\u201d, agradeceu.<\/p>\n<p><strong>CARIRI EM A\u00c7\u00c3O<\/strong><\/p>\n<p><strong>Leia mais not\u00edcias em\u00a0<\/strong><a href=\"http:\/\/www.caririemacao.com\/\"><strong>caririemacao.com<\/strong><\/a><strong>, siga nossa p\u00e1gina no\u00a0<a href=\"https:\/\/www.facebook.com\/CaririEmAcao\/?ref=aymt_homepage_panel\">Facebook<\/a>,\u00a0<a href=\"https:\/\/www.instagram.com\/cariri_em_acao\/?hl=pt-br\">Instagram<\/a>\u00a0e <\/strong><a href=\"https:\/\/www.youtube.com\/channel\/UCAptA0jQuYQy8vMhLt2m4qg\"><strong>Youtube<\/strong><\/a><strong>\u00a0e veja nossas mat\u00e9rias, v\u00eddeos e fotos. Voc\u00ea tamb\u00e9m pode enviar informa\u00e7\u00f5es \u00e0 Reda\u00e7\u00e3o do Portal Cariri em A\u00e7\u00e3o pelo WhatsApp (83) 9 9634.5791, (83) 9 9601-1162.<\/strong><\/p>\n","protected":false},"excerpt":{"rendered":"<p>A Prefeitura de Serra Branca, atrav\u00e9s da Secretaria de Assist\u00eancia Social realizou nesta sexta-feira (18\/08) o lan\u00e7amento oficial do PROGRAMA CRIAN\u00c7A FELIZ, rec\u00e9m implantado no&hellip; <\/p>\n","protected":false},"author":2,"featured_media":26552,"comment_status":"closed","ping_status":"closed","sticky":false,"template":"","format":"standard","meta":{"sfsi_plus_gutenberg_text_before_share":"","sfsi_plus_gutenberg_show_text_before_share":"","sfsi_plus_gutenberg_icon_type":"","sfsi_plus_gutenberg_icon_alignemt":"","sfsi_plus_gutenburg_max_per_row":"","footnotes":""},"categories":[6],"tags":[],"class_list":["post-26551","post","type-post","status-publish","format-standard","has-post-thumbnail","hentry","category-cidades"],"_links":{"self":[{"href":"https:\/\/www.caririemacao.com\/1\/wp-json\/wp\/v2\/posts\/26551","targetHints":{"allow":["GET"]}}],"collection":[{"href":"https:\/\/www.caririemacao.com\/1\/wp-json\/wp\/v2\/posts"}],"about":[{"href":"https:\/\/www.caririemacao.com\/1\/wp-json\/wp\/v2\/types\/post"}],"author":[{"embeddable":true,"href":"https:\/\/www.caririemacao.com\/1\/wp-json\/wp\/v2\/users\/2"}],"replies":[{"embeddable":true,"href":"https:\/\/www.caririemacao.com\/1\/wp-json\/wp\/v2\/comments?post=26551"}],"version-history":[{"count":0,"href":"https:\/\/www.caririemacao.com\/1\/wp-json\/wp\/v2\/posts\/26551\/revisions"}],"wp:featuredmedia":[{"embeddable":true,"href":"https:\/\/www.caririemacao.com\/1\/wp-json\/wp\/v2\/media\/26552"}],"wp:attachment":[{"href":"https:\/\/www.caririemacao.com\/1\/wp-json\/wp\/v2\/media?parent=26551"}],"wp:term":[{"taxonomy":"category","embeddable":true,"href":"https:\/\/www.caririemacao.com\/1\/wp-json\/wp\/v2\/categories?post=26551"},{"taxonomy":"post_tag","embeddable":true,"href":"https:\/\/www.caririemacao.com\/1\/wp-json\/wp\/v2\/tags?post=26551"}],"curies":[{"name":"wp","href":"https:\/\/api.w.org\/{rel}","templated":true}]}}