{"id":26568,"date":"2017-08-19T12:12:52","date_gmt":"2017-08-19T15:12:52","guid":{"rendered":"http:\/\/caririemacao.com\/1\/?p=26568"},"modified":"2017-08-20T13:19:56","modified_gmt":"2017-08-20T16:19:56","slug":"caraubas-e-contemplado-com-nasf","status":"publish","type":"post","link":"https:\/\/www.caririemacao.com\/1\/2017\/08\/19\/caraubas-e-contemplado-com-nasf\/","title":{"rendered":"Cara\u00fabas \u00e9 contemplado com NASF"},"content":{"rendered":"<p>Depois de quase 15 (quinze) anos ap\u00f3s a implanta\u00e7\u00e3o da primeira equipe de Sa\u00fade da Fam\u00edlia do munic\u00edpio de Cara\u00fabas, eis que a atual gest\u00e3o \u00e9 contemplada com a implanta\u00e7\u00e3o da primeira equipe do NASF \u2013 N\u00facleo de Apoio \u00e0 Estrat\u00e9gia de Sa\u00fade da Fam\u00edlia.<\/p>\n<p>Qualquer munic\u00edpio brasileiro pode implantar equipes NASF, desde que tenha ao menos uma equipe Sa\u00fade da Fam\u00edlia. O que varia de um munic\u00edpio para o outro, conforme o n\u00famero de equipes SF que ele tiver, \u00e9 a modalidade de NASF a ser implantado.<\/p>\n<p>No caso do munic\u00edpio de Cara\u00fabas ser\u00e1 implantado o NASF 3, haja vista o mesmo dispor de 02 (duas) equipes Sa\u00fade da Fam\u00edlia. Dever\u00e3o ser contratados 04 (quatro) profissionais que cumprir\u00e3o uma carga hor\u00e1ria m\u00ednima de 80 horas semanais, onde cada ocupa\u00e7\u00e3o deve ter no m\u00ednimo 20h e no m\u00e1ximo 40h de carga hor\u00e1ria semanal. Integrar\u00e3o o NASF de Cara\u00fabas 01 psic\u00f3logo, 01 fonoaudi\u00f3logo, 01 fisioterapeuta acupunturista e 01 (um) educador f\u00edsico.<\/p>\n<p>O NASF trabalha na l\u00f3gica do apoio matricial. Isso significa, em s\u00edntese, uma estrat\u00e9gia de organiza\u00e7\u00e3o da cl\u00ednica e do cuidado em sa\u00fade a partir da integra\u00e7\u00e3o e coopera\u00e7\u00e3o entre as equipes respons\u00e1veis pelo cuidado de determinado territ\u00f3rio.<\/p>\n<p>A ideia \u00e9 que os profissionais da equipe do NASF possam compartilhar o seu saber espec\u00edfico com os profissionais da ESF, fazendo com que a equipe Sa\u00fade da Fam\u00edlia amplie seus conhecimentos e, com isso, aumente a resolutividade da pr\u00f3pria aten\u00e7\u00e3o b\u00e1sica.<\/p>\n<p>S\u00e3o exemplos de a\u00e7\u00f5es de apoio matricial: discuss\u00e3o de casos, atendimentos compartilhados (NASF + ESF vinculada), atendimentos individuais do profissional do NASF precedida ou seguida de discuss\u00e3o com a ESF, constru\u00e7\u00e3o conjunta de projetos terap\u00eauticos, a\u00e7\u00f5es de educa\u00e7\u00e3o permanente, interven\u00e7\u00f5es no territ\u00f3rio e na sa\u00fade de grupos populacionais e da coletividade, a\u00e7\u00f5es intersetoriais, a\u00e7\u00f5es de preven\u00e7\u00e3o e promo\u00e7\u00e3o da sa\u00fade, discuss\u00e3o do processo de trabalho das equipes e etc.<\/p>\n<p>De acordo com a secret\u00e1ria da Sa\u00fade do munic\u00edpio, Raissa Sullen, Cara\u00fabas receber\u00e1 mensalmente R$ 8.000,00 (oito mil reais) para custear o NASF. Esses recursos servir\u00e3o para pagar os profissionais e manter o n\u00facleo em funcionamento.<\/p>\n<p>O prefeito Silvano Dudu, falou da import\u00e2ncia de uma equipe multidisciplinar como esta que ir\u00e1 oferecer suporte aos profissionais da ESF, bem como, a toda popula\u00e7\u00e3o de Cara\u00fabas que passar\u00e1 a contar com mais estrutura de apoio na identifica\u00e7\u00e3o de casos relacionados a sa\u00fade p\u00fablica. \u201cIremos garantir a estrutura necess\u00e1ria para o funcionamento do NASF e a satisfa\u00e7\u00e3o desses profissionais\u201d, concluiu.<\/p>\n<p><strong>CARIRI EM A\u00c7\u00c3O<\/strong><\/p>\n<p>Secom<\/p>\n<p>Leia mais not\u00edcias em\u00a0<a href=\"http:\/\/www.caririemacao.com\/\">caririemacao.com<\/a>, siga nossa p\u00e1gina no\u00a0<a href=\"https:\/\/www.facebook.com\/CaririEmAcao\/?ref=aymt_homepage_panel\">Facebook<\/a>,\u00a0<a href=\"https:\/\/www.instagram.com\/cariri_em_acao\/?hl=pt-br\">Instagram<\/a>\u00a0e <a href=\"https:\/\/www.youtube.com\/channel\/UCAptA0jQuYQy8vMhLt2m4qg\">Youtube<\/a>\u00a0e veja nossas mat\u00e9rias, v\u00eddeos e fotos. Voc\u00ea tamb\u00e9m pode enviar informa\u00e7\u00f5es \u00e0 Reda\u00e7\u00e3o do Portal Cariri em A\u00e7\u00e3o pelo WhatsApp (83) 9 9634.5791, (83) 9 9601-1162.<\/p>\n","protected":false},"excerpt":{"rendered":"<p>Depois de quase 15 (quinze) anos ap\u00f3s a implanta\u00e7\u00e3o da primeira equipe de Sa\u00fade da Fam\u00edlia do munic\u00edpio de Cara\u00fabas, eis que a atual gest\u00e3o&hellip; <\/p>\n","protected":false},"author":2,"featured_media":14904,"comment_status":"closed","ping_status":"closed","sticky":false,"template":"","format":"standard","meta":{"sfsi_plus_gutenberg_text_before_share":"","sfsi_plus_gutenberg_show_text_before_share":"","sfsi_plus_gutenberg_icon_type":"","sfsi_plus_gutenberg_icon_alignemt":"","sfsi_plus_gutenburg_max_per_row":"","footnotes":""},"categories":[6],"tags":[],"class_list":["post-26568","post","type-post","status-publish","format-standard","has-post-thumbnail","hentry","category-cidades"],"_links":{"self":[{"href":"https:\/\/www.caririemacao.com\/1\/wp-json\/wp\/v2\/posts\/26568","targetHints":{"allow":["GET"]}}],"collection":[{"href":"https:\/\/www.caririemacao.com\/1\/wp-json\/wp\/v2\/posts"}],"about":[{"href":"https:\/\/www.caririemacao.com\/1\/wp-json\/wp\/v2\/types\/post"}],"author":[{"embeddable":true,"href":"https:\/\/www.caririemacao.com\/1\/wp-json\/wp\/v2\/users\/2"}],"replies":[{"embeddable":true,"href":"https:\/\/www.caririemacao.com\/1\/wp-json\/wp\/v2\/comments?post=26568"}],"version-history":[{"count":0,"href":"https:\/\/www.caririemacao.com\/1\/wp-json\/wp\/v2\/posts\/26568\/revisions"}],"wp:featuredmedia":[{"embeddable":true,"href":"https:\/\/www.caririemacao.com\/1\/wp-json\/wp\/v2\/media\/14904"}],"wp:attachment":[{"href":"https:\/\/www.caririemacao.com\/1\/wp-json\/wp\/v2\/media?parent=26568"}],"wp:term":[{"taxonomy":"category","embeddable":true,"href":"https:\/\/www.caririemacao.com\/1\/wp-json\/wp\/v2\/categories?post=26568"},{"taxonomy":"post_tag","embeddable":true,"href":"https:\/\/www.caririemacao.com\/1\/wp-json\/wp\/v2\/tags?post=26568"}],"curies":[{"name":"wp","href":"https:\/\/api.w.org\/{rel}","templated":true}]}}