{"id":26572,"date":"2017-08-19T12:28:47","date_gmt":"2017-08-19T15:28:47","guid":{"rendered":"http:\/\/caririemacao.com\/1\/?p=26572"},"modified":"2017-08-20T19:00:06","modified_gmt":"2017-08-20T22:00:06","slug":"presidente-da-camara-de-congo-prestigia-congresso-do-psb-local","status":"publish","type":"post","link":"https:\/\/www.caririemacao.com\/1\/2017\/08\/19\/presidente-da-camara-de-congo-prestigia-congresso-do-psb-local\/","title":{"rendered":"Presidente da C\u00e2mara de Congo prestigia congresso do PSB local"},"content":{"rendered":"<p>O atual presidente da C\u00e2mara Municipal de Congo, Aderaldo Pereira, mais conhecido como Dera, esteve na manh\u00e3 desta \u00faltima sexta-feira (18), prestigiando da escolha da nova diretoria do Partido Socialista Brasileiro (PSB), diret\u00f3rio municipal.<\/p>\n<p>O evento ocorreu durante o Congresso Municipal do Partido Socialista Brasileiro (PSB) e foi realizado na sede do Poder Legislativo Municipal.<\/p>\n<p>Dera que \u00e9 o atual presidente do Partido do Trabalhadores disse ao Cariri em A\u00e7\u00e3o que fez quest\u00e3o de participar do congresso porque entende do momento importante da sigla PSB em estar indicando o nome do Dr. Romualdo como pr\u00e9-candidato a deputado estadual.<\/p>\n<p>\u201cEstamos participando para fortalecer essa parceria do PT com o PSB, esse \u00e9 o caminho de uni\u00e3o e parceria, porque s\u00f3 assim alcan\u00e7aremos voos maiores. Vamos continuar trabalhando em defesa de nosso munic\u00edpio e com essa parceria estamos no caminho certo\u201d, enfatizou o presidente Dera.<\/p>\n<p>Coloquei meu nome \u00e0 disposi\u00e7\u00e3o depois de ter sido escolhido dentro do partido como uma op\u00e7\u00e3o para ocupar uma vaga na Casa de Epit\u00e1cio Pessoa\u201d, comentou Dr. Romualdo.<\/p>\n<p>Acompanhe entrevista<\/p>\n<p><iframe style=\"border: none; overflow: hidden;\" data-src=\"https:\/\/www.facebook.com\/plugins\/video.php?href=https%3A%2F%2Fwww.facebook.com%2FCaririEmAcao%2Fvideos%2F1081680965301259%2F&amp;show_text=0&amp;width=560\" width=\"560\" height=\"315\" frameborder=\"0\" scrolling=\"no\" allowfullscreen=\"allowfullscreen\" src=\"data:image\/svg+xml;base64,PHN2ZyB3aWR0aD0iMSIgaGVpZ2h0PSIxIiB4bWxucz0iaHR0cDovL3d3dy53My5vcmcvMjAwMC9zdmciPjwvc3ZnPg==\" class=\"lazyload\" data-load-mode=\"1\"><\/iframe><\/p>\n<p><strong>CARIRI EM A\u00c7\u00c3O<\/strong><\/p>\n<p>Leia mais not\u00edcias em\u00a0<a href=\"http:\/\/www.caririemacao.com\/\">caririemacao.com<\/a>, siga nossa p\u00e1gina no\u00a0<a href=\"https:\/\/www.facebook.com\/CaririEmAcao\/?ref=aymt_homepage_panel\">Facebook<\/a>,\u00a0<a href=\"https:\/\/www.instagram.com\/cariri_em_acao\/?hl=pt-br\">Instagram<\/a>\u00a0e <a href=\"https:\/\/www.youtube.com\/channel\/UCAptA0jQuYQy8vMhLt2m4qg\">Youtube<\/a>\u00a0e veja nossas mat\u00e9rias, v\u00eddeos e fotos. Voc\u00ea tamb\u00e9m pode enviar informa\u00e7\u00f5es \u00e0 Reda\u00e7\u00e3o do Portal Cariri em A\u00e7\u00e3o pelo WhatsApp (83) 9 9634.5791, (83) 9 9601-1162.<\/p>\n","protected":false},"excerpt":{"rendered":"<p>O atual presidente da C\u00e2mara Municipal de Congo, Aderaldo Pereira, mais conhecido como Dera, esteve na manh\u00e3 desta \u00faltima sexta-feira (18), prestigiando da escolha da&hellip; <\/p>\n","protected":false},"author":2,"featured_media":26573,"comment_status":"closed","ping_status":"closed","sticky":false,"template":"","format":"standard","meta":{"sfsi_plus_gutenberg_text_before_share":"","sfsi_plus_gutenberg_show_text_before_share":"","sfsi_plus_gutenberg_icon_type":"","sfsi_plus_gutenberg_icon_alignemt":"","sfsi_plus_gutenburg_max_per_row":"","footnotes":""},"categories":[2],"tags":[],"class_list":["post-26572","post","type-post","status-publish","format-standard","has-post-thumbnail","hentry","category-geral"],"_links":{"self":[{"href":"https:\/\/www.caririemacao.com\/1\/wp-json\/wp\/v2\/posts\/26572","targetHints":{"allow":["GET"]}}],"collection":[{"href":"https:\/\/www.caririemacao.com\/1\/wp-json\/wp\/v2\/posts"}],"about":[{"href":"https:\/\/www.caririemacao.com\/1\/wp-json\/wp\/v2\/types\/post"}],"author":[{"embeddable":true,"href":"https:\/\/www.caririemacao.com\/1\/wp-json\/wp\/v2\/users\/2"}],"replies":[{"embeddable":true,"href":"https:\/\/www.caririemacao.com\/1\/wp-json\/wp\/v2\/comments?post=26572"}],"version-history":[{"count":0,"href":"https:\/\/www.caririemacao.com\/1\/wp-json\/wp\/v2\/posts\/26572\/revisions"}],"wp:featuredmedia":[{"embeddable":true,"href":"https:\/\/www.caririemacao.com\/1\/wp-json\/wp\/v2\/media\/26573"}],"wp:attachment":[{"href":"https:\/\/www.caririemacao.com\/1\/wp-json\/wp\/v2\/media?parent=26572"}],"wp:term":[{"taxonomy":"category","embeddable":true,"href":"https:\/\/www.caririemacao.com\/1\/wp-json\/wp\/v2\/categories?post=26572"},{"taxonomy":"post_tag","embeddable":true,"href":"https:\/\/www.caririemacao.com\/1\/wp-json\/wp\/v2\/tags?post=26572"}],"curies":[{"name":"wp","href":"https:\/\/api.w.org\/{rel}","templated":true}]}}