{"id":26575,"date":"2017-08-20T12:38:07","date_gmt":"2017-08-20T15:38:07","guid":{"rendered":"http:\/\/caririemacao.com\/1\/?p=26575"},"modified":"2017-08-20T12:38:07","modified_gmt":"2017-08-20T15:38:07","slug":"dr-romualdo-participa-de-congresso-do-psb-no-congo","status":"publish","type":"post","link":"https:\/\/www.caririemacao.com\/1\/2017\/08\/20\/dr-romualdo-participa-de-congresso-do-psb-no-congo\/","title":{"rendered":"Dr. Romualdo participa de congresso do PSB no Congo"},"content":{"rendered":"<p>O ex-prefeito do Congo, por dois mandatos, o m\u00e9dico Dr. Romualdo Quirino, esteve nesta \u00faltima sexta-feira, dia 18, participando do Congresso Municipal do Partido Socialista Brasileiro (PSB), realizado na C\u00e2mara de Vereadores de Congo.<\/p>\n<p>Dr. Romualdo foi recebido com aplausos ao evento, que contou com a presen\u00e7a do atual prefeito de Congo, J\u00fanior Quirino, secret\u00e1rios municipais, vereadores do PSB e do PT, do ex-prefeito Valdemar Bezerra e diversas lideran\u00e7as pol\u00edticas e comunit\u00e1ria do munic\u00edpio de Congo.<\/p>\n<p><a href=\"http:\/\/caririemacao.com\/1\/wp-content\/uploads\/2017\/08\/romualdo2.png\"><img fetchpriority=\"high\" decoding=\"async\" class=\"aligncenter wp-image-26576 size-full\" src=\"http:\/\/caririemacao.com\/1\/wp-content\/uploads\/2017\/08\/romualdo2.png\" alt=\"\" width=\"985\" height=\"679\" srcset=\"https:\/\/www.caririemacao.com\/1\/wp-content\/uploads\/2017\/08\/romualdo2.png 985w, https:\/\/www.caririemacao.com\/1\/wp-content\/uploads\/2017\/08\/romualdo2-300x207.png 300w, https:\/\/www.caririemacao.com\/1\/wp-content\/uploads\/2017\/08\/romualdo2-768x529.png 768w, https:\/\/www.caririemacao.com\/1\/wp-content\/uploads\/2017\/08\/romualdo2-130x90.png 130w\" sizes=\"(max-width: 985px) 100vw, 985px\" \/><\/a><\/p>\n<p>Em entrevista ao Cariri em A\u00e7\u00e3o, Dr. Romualdo falou da import\u00e2ncia da uni\u00e3o da sigla partid\u00e1ria e da escolha do seu nome para disputar uma vaga na Casa Epit\u00e1cio. \u201cVamos caminhar com nosso projeto rumo a 2018, conversando, dialogando e buscando solu\u00e7\u00f5es para os problemas dos nossos munic\u00edpios. Coloquei meu nome \u00e0 disposi\u00e7\u00e3o depois de ter sido escolhido dentro do partido como uma op\u00e7\u00e3o para ocupar uma vaga na Casa de Epit\u00e1cio Pessoa\u201d, comentou Dr. Romualdo.<\/p>\n<p>ACOMPANHE A ENTREVISTA<\/p>\n<p><iframe style=\"border: none; overflow: hidden;\" data-src=\"https:\/\/www.facebook.com\/plugins\/video.php?href=https%3A%2F%2Fwww.facebook.com%2FCaririEmAcao%2Fvideos%2F1081190368683652%2F&amp;show_text=0&amp;width=560\" width=\"560\" height=\"315\" frameborder=\"0\" scrolling=\"no\" allowfullscreen=\"allowfullscreen\" src=\"data:image\/svg+xml;base64,PHN2ZyB3aWR0aD0iMSIgaGVpZ2h0PSIxIiB4bWxucz0iaHR0cDovL3d3dy53My5vcmcvMjAwMC9zdmciPjwvc3ZnPg==\" class=\"lazyload\" data-load-mode=\"1\"><\/iframe><\/p>\n<p><strong>CARIRI EM A\u00c7\u00c3O<\/strong><\/p>\n<p>Leia mais not\u00edcias em\u00a0<a href=\"http:\/\/www.caririemacao.com\/\">caririemacao.com<\/a>, siga nossa p\u00e1gina no\u00a0<a href=\"https:\/\/www.facebook.com\/CaririEmAcao\/?ref=aymt_homepage_panel\">Facebook<\/a>,\u00a0<a href=\"https:\/\/www.instagram.com\/cariri_em_acao\/?hl=pt-br\">Instagram<\/a>\u00a0e <a href=\"https:\/\/www.youtube.com\/channel\/UCAptA0jQuYQy8vMhLt2m4qg\">Youtube<\/a>\u00a0e veja nossas mat\u00e9rias, v\u00eddeos e fotos. Voc\u00ea tamb\u00e9m pode enviar informa\u00e7\u00f5es \u00e0 Reda\u00e7\u00e3o do Portal Cariri em A\u00e7\u00e3o pelo WhatsApp (83) 9 9634.5791, (83) 9 9601-1162.<\/p>\n","protected":false},"excerpt":{"rendered":"<p>O ex-prefeito do Congo, por dois mandatos, o m\u00e9dico Dr. Romualdo Quirino, esteve nesta \u00faltima sexta-feira, dia 18, participando do Congresso Municipal do Partido Socialista&hellip; <\/p>\n","protected":false},"author":2,"featured_media":26429,"comment_status":"closed","ping_status":"closed","sticky":false,"template":"","format":"standard","meta":{"sfsi_plus_gutenberg_text_before_share":"","sfsi_plus_gutenberg_show_text_before_share":"","sfsi_plus_gutenberg_icon_type":"","sfsi_plus_gutenberg_icon_alignemt":"","sfsi_plus_gutenburg_max_per_row":"","footnotes":""},"categories":[11],"tags":[],"class_list":["post-26575","post","type-post","status-publish","format-standard","has-post-thumbnail","hentry","category-politica"],"_links":{"self":[{"href":"https:\/\/www.caririemacao.com\/1\/wp-json\/wp\/v2\/posts\/26575","targetHints":{"allow":["GET"]}}],"collection":[{"href":"https:\/\/www.caririemacao.com\/1\/wp-json\/wp\/v2\/posts"}],"about":[{"href":"https:\/\/www.caririemacao.com\/1\/wp-json\/wp\/v2\/types\/post"}],"author":[{"embeddable":true,"href":"https:\/\/www.caririemacao.com\/1\/wp-json\/wp\/v2\/users\/2"}],"replies":[{"embeddable":true,"href":"https:\/\/www.caririemacao.com\/1\/wp-json\/wp\/v2\/comments?post=26575"}],"version-history":[{"count":0,"href":"https:\/\/www.caririemacao.com\/1\/wp-json\/wp\/v2\/posts\/26575\/revisions"}],"wp:featuredmedia":[{"embeddable":true,"href":"https:\/\/www.caririemacao.com\/1\/wp-json\/wp\/v2\/media\/26429"}],"wp:attachment":[{"href":"https:\/\/www.caririemacao.com\/1\/wp-json\/wp\/v2\/media?parent=26575"}],"wp:term":[{"taxonomy":"category","embeddable":true,"href":"https:\/\/www.caririemacao.com\/1\/wp-json\/wp\/v2\/categories?post=26575"},{"taxonomy":"post_tag","embeddable":true,"href":"https:\/\/www.caririemacao.com\/1\/wp-json\/wp\/v2\/tags?post=26575"}],"curies":[{"name":"wp","href":"https:\/\/api.w.org\/{rel}","templated":true}]}}