{"id":26579,"date":"2017-08-20T12:44:08","date_gmt":"2017-08-20T15:44:08","guid":{"rendered":"http:\/\/caririemacao.com\/1\/?p=26579"},"modified":"2017-08-20T12:45:19","modified_gmt":"2017-08-20T15:45:19","slug":"congo-fanfarra-da-escola-manoel-alves-campos-fica-em-2o-lugar-na-copa-de-bandas-das-escolas-da-rede-estadual-de-ensino","status":"publish","type":"post","link":"https:\/\/www.caririemacao.com\/1\/2017\/08\/20\/congo-fanfarra-da-escola-manoel-alves-campos-fica-em-2o-lugar-na-copa-de-bandas-das-escolas-da-rede-estadual-de-ensino\/","title":{"rendered":"CONGO: Fanfarra da Escola Manoel Alves Campos fica em 2\u00ba lugar na Copa de Bandas da Rede Estadual de Ensino"},"content":{"rendered":"<p>A Banda da\u00a0Escola Manoel Alves Campos, do munic\u00edpio de Congo esteve participando neste s\u00e1bado, dia 19, da 1\u00aa Copa de Bandas das Escolas da Rede Estadual de Ensino. A escola realizou uma bel\u00edssima apresenta\u00e7\u00e3o e ficou como a vice-campe\u00e3.<\/p>\n<p><a href=\"http:\/\/caririemacao.com\/1\/wp-content\/uploads\/2017\/08\/20953004_1793909540649077_676514642999970604_n.jpg\"><img fetchpriority=\"high\" decoding=\"async\" class=\"aligncenter wp-image-26580 size-full\" src=\"http:\/\/caririemacao.com\/1\/wp-content\/uploads\/2017\/08\/20953004_1793909540649077_676514642999970604_n.jpg\" alt=\"\" width=\"960\" height=\"540\" srcset=\"https:\/\/www.caririemacao.com\/1\/wp-content\/uploads\/2017\/08\/20953004_1793909540649077_676514642999970604_n.jpg 960w, https:\/\/www.caririemacao.com\/1\/wp-content\/uploads\/2017\/08\/20953004_1793909540649077_676514642999970604_n-300x169.jpg 300w, https:\/\/www.caririemacao.com\/1\/wp-content\/uploads\/2017\/08\/20953004_1793909540649077_676514642999970604_n-768x432.jpg 768w\" sizes=\"(max-width: 960px) 100vw, 960px\" \/><\/a><\/p>\n<p>A diretora Ana Rita agradeceu o empenho de todos e parabenizou os estudantes e\u00a0Wamberto Pereira\u00a0pelo excelente trabalho.<\/p>\n<p><strong>CARIRI EM A\u00c7\u00c3O<\/strong><\/p>\n<p>Leia mais not\u00edcias em\u00a0<a href=\"http:\/\/www.caririemacao.com\/\">caririemacao.com<\/a>, siga nossa p\u00e1gina no\u00a0<a href=\"https:\/\/www.facebook.com\/CaririEmAcao\/?ref=aymt_homepage_panel\">Facebook<\/a>,\u00a0<a href=\"https:\/\/www.instagram.com\/cariri_em_acao\/?hl=pt-br\">Instagram<\/a>\u00a0e <a href=\"https:\/\/www.youtube.com\/channel\/UCAptA0jQuYQy8vMhLt2m4qg\">Youtube<\/a>\u00a0e veja nossas mat\u00e9rias, v\u00eddeos e fotos. Voc\u00ea tamb\u00e9m pode enviar informa\u00e7\u00f5es \u00e0 Reda\u00e7\u00e3o do Portal Cariri em A\u00e7\u00e3o pelo WhatsApp (83) 9 9634.5791, (83) 9 9601-1162.<\/p>\n","protected":false},"excerpt":{"rendered":"<p>A Banda da\u00a0Escola Manoel Alves Campos, do munic\u00edpio de Congo esteve participando neste s\u00e1bado, dia 19, da 1\u00aa Copa de Bandas das Escolas da Rede&hellip; <\/p>\n","protected":false},"author":2,"featured_media":26581,"comment_status":"closed","ping_status":"closed","sticky":false,"template":"","format":"standard","meta":{"sfsi_plus_gutenberg_text_before_share":"","sfsi_plus_gutenberg_show_text_before_share":"","sfsi_plus_gutenberg_icon_type":"","sfsi_plus_gutenberg_icon_alignemt":"","sfsi_plus_gutenburg_max_per_row":"","footnotes":""},"categories":[6],"tags":[],"class_list":["post-26579","post","type-post","status-publish","format-standard","has-post-thumbnail","hentry","category-cidades"],"_links":{"self":[{"href":"https:\/\/www.caririemacao.com\/1\/wp-json\/wp\/v2\/posts\/26579","targetHints":{"allow":["GET"]}}],"collection":[{"href":"https:\/\/www.caririemacao.com\/1\/wp-json\/wp\/v2\/posts"}],"about":[{"href":"https:\/\/www.caririemacao.com\/1\/wp-json\/wp\/v2\/types\/post"}],"author":[{"embeddable":true,"href":"https:\/\/www.caririemacao.com\/1\/wp-json\/wp\/v2\/users\/2"}],"replies":[{"embeddable":true,"href":"https:\/\/www.caririemacao.com\/1\/wp-json\/wp\/v2\/comments?post=26579"}],"version-history":[{"count":0,"href":"https:\/\/www.caririemacao.com\/1\/wp-json\/wp\/v2\/posts\/26579\/revisions"}],"wp:featuredmedia":[{"embeddable":true,"href":"https:\/\/www.caririemacao.com\/1\/wp-json\/wp\/v2\/media\/26581"}],"wp:attachment":[{"href":"https:\/\/www.caririemacao.com\/1\/wp-json\/wp\/v2\/media?parent=26579"}],"wp:term":[{"taxonomy":"category","embeddable":true,"href":"https:\/\/www.caririemacao.com\/1\/wp-json\/wp\/v2\/categories?post=26579"},{"taxonomy":"post_tag","embeddable":true,"href":"https:\/\/www.caririemacao.com\/1\/wp-json\/wp\/v2\/tags?post=26579"}],"curies":[{"name":"wp","href":"https:\/\/api.w.org\/{rel}","templated":true}]}}