{"id":26587,"date":"2017-08-20T12:52:08","date_gmt":"2017-08-20T15:52:08","guid":{"rendered":"http:\/\/caririemacao.com\/1\/?p=26587"},"modified":"2017-08-20T12:52:08","modified_gmt":"2017-08-20T15:52:08","slug":"fabio-jr-toma-posse-como-vereador-de-parari","status":"publish","type":"post","link":"https:\/\/www.caririemacao.com\/1\/2017\/08\/20\/fabio-jr-toma-posse-como-vereador-de-parari\/","title":{"rendered":"F\u00e1bio Jr. toma posse como vereador de Parari"},"content":{"rendered":"<p>A C\u00e2mara de Parari realizou na \u00faltima sexta-feira, uma sess\u00e3o extraordin\u00e1ria para dar posse ao mais novo vereador de Parari, o jovem F\u00e1bio J\u00fanior Ferreira Cavalcante.<\/p>\n<p><a href=\"http:\/\/caririemacao.com\/1\/wp-content\/uploads\/2017\/08\/CARIRIEMA\u00c7\u00c3ODSC_0004-20170819-025329-1.jpg\"><img fetchpriority=\"high\" decoding=\"async\" class=\"aligncenter wp-image-26589 size-full\" src=\"http:\/\/caririemacao.com\/1\/wp-content\/uploads\/2017\/08\/CARIRIEMA\u00c7\u00c3ODSC_0004-20170819-025329-1.jpg\" alt=\"\" width=\"600\" height=\"400\" srcset=\"https:\/\/www.caririemacao.com\/1\/wp-content\/uploads\/2017\/08\/CARIRIEMA\u00c7\u00c3ODSC_0004-20170819-025329-1.jpg 600w, https:\/\/www.caririemacao.com\/1\/wp-content\/uploads\/2017\/08\/CARIRIEMA\u00c7\u00c3ODSC_0004-20170819-025329-1-300x200.jpg 300w\" sizes=\"(max-width: 600px) 100vw, 600px\" \/><\/a><\/p>\n<p>F\u00e1bio Jr. chegou a C\u00e2mara acompanhado de sua fam\u00edlia e convidado. Em seguida, foi convidado pelo presidente Nildo para fazer seu\u00a0juramento e assumir seu lugar na C\u00e2mara Municipal.<\/p>\n<p>Fabio Jr.\u00a0foi candidato a\u00a0vereador\u00a0de\u00a0Parari\u00a0pelo\u00a0PSB\u00a0na coliga\u00e7\u00e3o\u00a0COM O POVO, DE NOVO e obteve 85 votos. Ele assumiu o mandato de vereador em virtude da vac\u00e2ncia do mandato do saudoso Assis Queiroz, falecido na \u00faltima semana.<\/p>\n<p><strong>CARIRI EM A\u00c7\u00c3O<\/strong><\/p>\n<p>Leia mais not\u00edcias em\u00a0<a href=\"http:\/\/www.caririemacao.com\/\">caririemacao.com<\/a>, siga nossa p\u00e1gina no\u00a0<a href=\"https:\/\/www.facebook.com\/CaririEmAcao\/?ref=aymt_homepage_panel\">Facebook<\/a>,\u00a0<a href=\"https:\/\/www.instagram.com\/cariri_em_acao\/?hl=pt-br\">Instagram<\/a>\u00a0e <a href=\"https:\/\/www.youtube.com\/channel\/UCAptA0jQuYQy8vMhLt2m4qg\">Youtube<\/a>\u00a0e veja nossas mat\u00e9rias, v\u00eddeos e fotos. Voc\u00ea tamb\u00e9m pode enviar informa\u00e7\u00f5es \u00e0 Reda\u00e7\u00e3o do Portal Cariri em A\u00e7\u00e3o pelo WhatsApp (83) 9 9634.5791, (83) 9 9601-1162.<\/p>\n","protected":false},"excerpt":{"rendered":"<p>A C\u00e2mara de Parari realizou na \u00faltima sexta-feira, uma sess\u00e3o extraordin\u00e1ria para dar posse ao mais novo vereador de Parari, o jovem F\u00e1bio J\u00fanior Ferreira&hellip; <\/p>\n","protected":false},"author":2,"featured_media":26588,"comment_status":"closed","ping_status":"closed","sticky":false,"template":"","format":"standard","meta":{"sfsi_plus_gutenberg_text_before_share":"","sfsi_plus_gutenberg_show_text_before_share":"","sfsi_plus_gutenberg_icon_type":"","sfsi_plus_gutenberg_icon_alignemt":"","sfsi_plus_gutenburg_max_per_row":"","footnotes":""},"categories":[6],"tags":[],"class_list":["post-26587","post","type-post","status-publish","format-standard","has-post-thumbnail","hentry","category-cidades"],"_links":{"self":[{"href":"https:\/\/www.caririemacao.com\/1\/wp-json\/wp\/v2\/posts\/26587","targetHints":{"allow":["GET"]}}],"collection":[{"href":"https:\/\/www.caririemacao.com\/1\/wp-json\/wp\/v2\/posts"}],"about":[{"href":"https:\/\/www.caririemacao.com\/1\/wp-json\/wp\/v2\/types\/post"}],"author":[{"embeddable":true,"href":"https:\/\/www.caririemacao.com\/1\/wp-json\/wp\/v2\/users\/2"}],"replies":[{"embeddable":true,"href":"https:\/\/www.caririemacao.com\/1\/wp-json\/wp\/v2\/comments?post=26587"}],"version-history":[{"count":0,"href":"https:\/\/www.caririemacao.com\/1\/wp-json\/wp\/v2\/posts\/26587\/revisions"}],"wp:featuredmedia":[{"embeddable":true,"href":"https:\/\/www.caririemacao.com\/1\/wp-json\/wp\/v2\/media\/26588"}],"wp:attachment":[{"href":"https:\/\/www.caririemacao.com\/1\/wp-json\/wp\/v2\/media?parent=26587"}],"wp:term":[{"taxonomy":"category","embeddable":true,"href":"https:\/\/www.caririemacao.com\/1\/wp-json\/wp\/v2\/categories?post=26587"},{"taxonomy":"post_tag","embeddable":true,"href":"https:\/\/www.caririemacao.com\/1\/wp-json\/wp\/v2\/tags?post=26587"}],"curies":[{"name":"wp","href":"https:\/\/api.w.org\/{rel}","templated":true}]}}