{"id":26598,"date":"2017-08-20T14:16:08","date_gmt":"2017-08-20T17:16:08","guid":{"rendered":"http:\/\/caririemacao.com\/1\/?p=26598"},"modified":"2017-08-20T14:53:36","modified_gmt":"2017-08-20T17:53:36","slug":"aumenta-a-expectativa-para-o-show-de-jonas-esticado-em-sume","status":"publish","type":"post","link":"https:\/\/www.caririemacao.com\/1\/2017\/08\/20\/aumenta-a-expectativa-para-o-show-de-jonas-esticado-em-sume\/","title":{"rendered":"Aumenta a expectativa para o show de Jonas Esticado em Sum\u00e9"},"content":{"rendered":"<p>Se a previs\u00e3o j\u00e1 era de uma grande festa, os caririzeiros, especialmente os sumeenses est\u00e3o cada vez mais ansiosos com a aproxima\u00e7\u00e3o do grande show que acontece na segunda-feira, dia 28, no Gin\u00e1sio de Esportes O Net\u00e3o, com in\u00edcio previsto para as 21 horas.<\/p>\n<p>O evento est\u00e1 sendo organizado pelo empres\u00e1rio Valter Diniz, em parceria com os empres\u00e1rios L\u00e9o e Abel, da World Eventos da cidade de Patos (PB). A festa \u00e9 em comemora\u00e7\u00e3o ao primeiro ano de funcionamento da ZOOM Conveni\u00eancia e ter\u00e1 ainda a participa\u00e7\u00e3o de atra\u00e7\u00f5es como Bedeu Quirino \u2013 Forr\u00f3 na Onda e Forr\u00f3 de Luau.<\/p>\n<p>Os ingressos antecipados podem ser adquiridos em Sum\u00e9 na ZOOM Conveni\u00eancia, Eletr\u00f4nica Z\u00e9 Wilson e Naldinho de Dona Tet\u00e9; em Serra Branca na Serra Branca FM e em Monteiro com Alexandre CDs.<\/p>\n<p>A ZOOM conveni\u00eancia est\u00e1 localizada na Avenida Primeiro de Abril, em frente a Pra\u00e7a Jos\u00e9 Am\u00e9rico e virou o principal ponto de encontro dos jovens sumeenses e de outras cidades da regi\u00e3o do Cariri.<\/p>\n<p>O evento, que promete ser um dos maiores deste in\u00edcio do segundo semestre tem o apoio do deputado Caio Roberto, do vereador Bonilson Tim\u00f3teo, Mercadinho do Galego e da Distribuidora de Bebidas Nunes.<\/p>\n<p><strong>CARIRI EM A\u00c7\u00c3O<\/strong><\/p>\n<p style=\"text-align: left;\"><em>Com Vitrine do Cariri<\/em><\/p>\n<p><strong>Leia mais not\u00edcias em\u00a0<a href=\"http:\/\/www.caririemacao.com\/\">caririemacao.com<\/a>, siga nossa p\u00e1gina no\u00a0<a href=\"https:\/\/www.facebook.com\/CaririEmAcao\/?ref=aymt_homepage_panel\">Facebook<\/a>,\u00a0<a href=\"https:\/\/www.instagram.com\/cariri_em_acao\/?hl=pt-br\">Instagram<\/a>\u00a0e <a href=\"https:\/\/www.youtube.com\/channel\/UCAptA0jQuYQy8vMhLt2m4qg\">Youtube<\/a>\u00a0e veja nossas mat\u00e9rias, v\u00eddeos e fotos. Voc\u00ea tamb\u00e9m pode enviar informa\u00e7\u00f5es \u00e0 Reda\u00e7\u00e3o do Portal Cariri em A\u00e7\u00e3o pelo WhatsApp (83) 9 9634.5791, (83) 9 9601-1162.<\/strong><\/p>\n","protected":false},"excerpt":{"rendered":"<p>Se a previs\u00e3o j\u00e1 era de uma grande festa, os caririzeiros, especialmente os sumeenses est\u00e3o cada vez mais ansiosos com a aproxima\u00e7\u00e3o do grande show&hellip; <\/p>\n","protected":false},"author":2,"featured_media":26599,"comment_status":"closed","ping_status":"closed","sticky":false,"template":"","format":"standard","meta":{"sfsi_plus_gutenberg_text_before_share":"","sfsi_plus_gutenberg_show_text_before_share":"","sfsi_plus_gutenberg_icon_type":"","sfsi_plus_gutenberg_icon_alignemt":"","sfsi_plus_gutenburg_max_per_row":"","footnotes":""},"categories":[6],"tags":[],"class_list":["post-26598","post","type-post","status-publish","format-standard","has-post-thumbnail","hentry","category-cidades"],"_links":{"self":[{"href":"https:\/\/www.caririemacao.com\/1\/wp-json\/wp\/v2\/posts\/26598","targetHints":{"allow":["GET"]}}],"collection":[{"href":"https:\/\/www.caririemacao.com\/1\/wp-json\/wp\/v2\/posts"}],"about":[{"href":"https:\/\/www.caririemacao.com\/1\/wp-json\/wp\/v2\/types\/post"}],"author":[{"embeddable":true,"href":"https:\/\/www.caririemacao.com\/1\/wp-json\/wp\/v2\/users\/2"}],"replies":[{"embeddable":true,"href":"https:\/\/www.caririemacao.com\/1\/wp-json\/wp\/v2\/comments?post=26598"}],"version-history":[{"count":0,"href":"https:\/\/www.caririemacao.com\/1\/wp-json\/wp\/v2\/posts\/26598\/revisions"}],"wp:featuredmedia":[{"embeddable":true,"href":"https:\/\/www.caririemacao.com\/1\/wp-json\/wp\/v2\/media\/26599"}],"wp:attachment":[{"href":"https:\/\/www.caririemacao.com\/1\/wp-json\/wp\/v2\/media?parent=26598"}],"wp:term":[{"taxonomy":"category","embeddable":true,"href":"https:\/\/www.caririemacao.com\/1\/wp-json\/wp\/v2\/categories?post=26598"},{"taxonomy":"post_tag","embeddable":true,"href":"https:\/\/www.caririemacao.com\/1\/wp-json\/wp\/v2\/tags?post=26598"}],"curies":[{"name":"wp","href":"https:\/\/api.w.org\/{rel}","templated":true}]}}