{"id":26602,"date":"2017-08-21T05:00:15","date_gmt":"2017-08-21T08:00:15","guid":{"rendered":"http:\/\/caririemacao.com\/1\/?p=26602"},"modified":"2017-08-21T13:33:25","modified_gmt":"2017-08-21T16:33:25","slug":"parari-realiza-9a-cavalgada-e-missa-do-vaqueiro","status":"publish","type":"post","link":"https:\/\/www.caririemacao.com\/1\/2017\/08\/21\/parari-realiza-9a-cavalgada-e-missa-do-vaqueiro\/","title":{"rendered":"Parari realiza 9\u00aa Cavalgada e Missa do Vaqueiro"},"content":{"rendered":"<p>A cidade de Parari realizou neste s\u00e1bado, dia 19, a 9\u00aa Cavalgada e a tradicional Missa do Vaqueiro e reuniu centenas de participantes, entre vaqueiros e amazonas da regi\u00e3o.<\/p>\n<p><a href=\"http:\/\/caririemacao.com\/1\/wp-content\/uploads\/2017\/08\/20994015_900038963476754_1412429390132596315_n.jpg\"><img fetchpriority=\"high\" decoding=\"async\" class=\"aligncenter wp-image-26612 size-full\" src=\"http:\/\/caririemacao.com\/1\/wp-content\/uploads\/2017\/08\/20994015_900038963476754_1412429390132596315_n.jpg\" alt=\"\" width=\"720\" height=\"464\" srcset=\"https:\/\/www.caririemacao.com\/1\/wp-content\/uploads\/2017\/08\/20994015_900038963476754_1412429390132596315_n.jpg 720w, https:\/\/www.caririemacao.com\/1\/wp-content\/uploads\/2017\/08\/20994015_900038963476754_1412429390132596315_n-300x193.jpg 300w\" sizes=\"(max-width: 720px) 100vw, 720px\" \/><\/a><\/p>\n<p>A concentra\u00e7\u00e3o dos vaqueiros foi no Posto S\u00e3o Luiz, sa\u00edda para Tapero\u00e1. Z\u00e9 Fl\u00e1vio, membro da coordena\u00e7\u00e3o do evento, disse que ao Cariri em A\u00e7\u00e3o, que al\u00e9m da cavalgada, a programa\u00e7\u00e3o tamb\u00e9m constou com a entrega dos certificados SENAR, show com Trio de Forr\u00f3 P\u00e9 de Serra, show ao vivo em frente \u00e0 Igreja Matriz \u2013 Rany Saoly, apresenta\u00e7\u00e3o cultural com o Grupo de dan\u00e7a \u201cUma Fam\u00edlia em Miss\u00e3o\u201d da cidade de Gurj\u00e3o, Missa do Vaqueiro- Celebrantes Padre Jo\u00e3o Jorge e Padre Joselito, jantar dos Vaqueiros, e encerrando com Shows com o Poeta Humberto Guedes e Banda Espora de A\u00e7o, banda Forr\u00f3 Fino e com a banda Moleka Safada.<\/p>\n<p><a href=\"http:\/\/caririemacao.com\/1\/wp-content\/uploads\/2017\/08\/20953089_900039060143411_4522441648345838787_n.jpg\"><img decoding=\"async\" class=\"aligncenter wp-image-26609 size-full lazyload\" data-src=\"http:\/\/caririemacao.com\/1\/wp-content\/uploads\/2017\/08\/20953089_900039060143411_4522441648345838787_n.jpg\" alt=\"\" width=\"720\" height=\"482\" data-srcset=\"https:\/\/www.caririemacao.com\/1\/wp-content\/uploads\/2017\/08\/20953089_900039060143411_4522441648345838787_n.jpg 720w, https:\/\/www.caririemacao.com\/1\/wp-content\/uploads\/2017\/08\/20953089_900039060143411_4522441648345838787_n-300x201.jpg 300w\" data-sizes=\"(max-width: 720px) 100vw, 720px\" src=\"data:image\/svg+xml;base64,PHN2ZyB3aWR0aD0iMSIgaGVpZ2h0PSIxIiB4bWxucz0iaHR0cDovL3d3dy53My5vcmcvMjAwMC9zdmciPjwvc3ZnPg==\" style=\"--smush-placeholder-width: 720px; --smush-placeholder-aspect-ratio: 720\/482;\" \/><\/a><\/p>\n<p><a href=\"http:\/\/caririemacao.com\/1\/wp-content\/uploads\/2017\/08\/20953304_117949648865595_2990087426170039969_n.jpg\"><img decoding=\"async\" class=\"aligncenter wp-image-26610 size-full lazyload\" data-src=\"http:\/\/caririemacao.com\/1\/wp-content\/uploads\/2017\/08\/20953304_117949648865595_2990087426170039969_n.jpg\" alt=\"\" width=\"715\" height=\"436\" data-srcset=\"https:\/\/www.caririemacao.com\/1\/wp-content\/uploads\/2017\/08\/20953304_117949648865595_2990087426170039969_n.jpg 715w, https:\/\/www.caririemacao.com\/1\/wp-content\/uploads\/2017\/08\/20953304_117949648865595_2990087426170039969_n-300x183.jpg 300w\" data-sizes=\"(max-width: 715px) 100vw, 715px\" src=\"data:image\/svg+xml;base64,PHN2ZyB3aWR0aD0iMSIgaGVpZ2h0PSIxIiB4bWxucz0iaHR0cDovL3d3dy53My5vcmcvMjAwMC9zdmciPjwvc3ZnPg==\" style=\"--smush-placeholder-width: 715px; --smush-placeholder-aspect-ratio: 715\/436;\" \/><\/a><\/p>\n<p>\u201cFoi um prazer em receber os cavaleiros e amazonas que vieram de v\u00e1rias localidades da Paraiba, Pernambuco e Rio Grande do Norte\u201d, agradeceu Fl\u00e1vio Ramos da organiza\u00e7\u00e3o do evento.<\/p>\n<p><strong>CARIRI EM A\u00c7\u00c3O<\/strong><\/p>\n<p><em>Fotos: Oxente Gurj\u00e3o<\/em><\/p>\n<p><strong>Leia mais not\u00edcias em\u00a0<a href=\"http:\/\/www.caririemacao.com\/\">caririemacao.com<\/a>, siga nossa p\u00e1gina no\u00a0<a href=\"https:\/\/www.facebook.com\/CaririEmAcao\/?ref=aymt_homepage_panel\">Facebook<\/a>,\u00a0<a href=\"https:\/\/www.instagram.com\/cariri_em_acao\/?hl=pt-br\">Instagram<\/a>\u00a0e <a href=\"https:\/\/www.youtube.com\/channel\/UCAptA0jQuYQy8vMhLt2m4qg\">Youtube<\/a>\u00a0e veja nossas mat\u00e9rias, v\u00eddeos e fotos. Voc\u00ea tamb\u00e9m pode enviar informa\u00e7\u00f5es \u00e0 Reda\u00e7\u00e3o do Portal Cariri em A\u00e7\u00e3o pelo WhatsApp (83) 9 9634.5791, (83) 9 9601-1162.<\/strong><\/p>\n","protected":false},"excerpt":{"rendered":"<p>A cidade de Parari realizou neste s\u00e1bado, dia 19, a 9\u00aa Cavalgada e a tradicional Missa do Vaqueiro e reuniu centenas de participantes, entre vaqueiros&hellip; <\/p>\n","protected":false},"author":2,"featured_media":26608,"comment_status":"closed","ping_status":"closed","sticky":false,"template":"","format":"standard","meta":{"sfsi_plus_gutenberg_text_before_share":"","sfsi_plus_gutenberg_show_text_before_share":"","sfsi_plus_gutenberg_icon_type":"","sfsi_plus_gutenberg_icon_alignemt":"","sfsi_plus_gutenburg_max_per_row":"","footnotes":""},"categories":[6],"tags":[],"class_list":["post-26602","post","type-post","status-publish","format-standard","has-post-thumbnail","hentry","category-cidades"],"_links":{"self":[{"href":"https:\/\/www.caririemacao.com\/1\/wp-json\/wp\/v2\/posts\/26602","targetHints":{"allow":["GET"]}}],"collection":[{"href":"https:\/\/www.caririemacao.com\/1\/wp-json\/wp\/v2\/posts"}],"about":[{"href":"https:\/\/www.caririemacao.com\/1\/wp-json\/wp\/v2\/types\/post"}],"author":[{"embeddable":true,"href":"https:\/\/www.caririemacao.com\/1\/wp-json\/wp\/v2\/users\/2"}],"replies":[{"embeddable":true,"href":"https:\/\/www.caririemacao.com\/1\/wp-json\/wp\/v2\/comments?post=26602"}],"version-history":[{"count":0,"href":"https:\/\/www.caririemacao.com\/1\/wp-json\/wp\/v2\/posts\/26602\/revisions"}],"wp:featuredmedia":[{"embeddable":true,"href":"https:\/\/www.caririemacao.com\/1\/wp-json\/wp\/v2\/media\/26608"}],"wp:attachment":[{"href":"https:\/\/www.caririemacao.com\/1\/wp-json\/wp\/v2\/media?parent=26602"}],"wp:term":[{"taxonomy":"category","embeddable":true,"href":"https:\/\/www.caririemacao.com\/1\/wp-json\/wp\/v2\/categories?post=26602"},{"taxonomy":"post_tag","embeddable":true,"href":"https:\/\/www.caririemacao.com\/1\/wp-json\/wp\/v2\/tags?post=26602"}],"curies":[{"name":"wp","href":"https:\/\/api.w.org\/{rel}","templated":true}]}}