{"id":26614,"date":"2017-08-20T20:32:08","date_gmt":"2017-08-20T23:32:08","guid":{"rendered":"http:\/\/caririemacao.com\/1\/?p=26614"},"modified":"2017-08-20T20:32:08","modified_gmt":"2017-08-20T23:32:08","slug":"acidente-de-moto-deixa-duas-pessoas-feridas-em-sume","status":"publish","type":"post","link":"https:\/\/www.caririemacao.com\/1\/2017\/08\/20\/acidente-de-moto-deixa-duas-pessoas-feridas-em-sume\/","title":{"rendered":"Acidente de moto deixa duas pessoas feridas em Sum\u00e9"},"content":{"rendered":"<p>Mais um acidente foi registrado na Avenida 1\u00ba de abril em Sum\u00e9, na noite deste domingo (20\/08) duas motos de chocaram, deixando duas pessoas levemente feridas.<\/p>\n<p>As pessoas feridas s\u00e3o Marcela e Lili, depois que uma moto conduzida por um homem de nome Silvinho bater na traseira da moto pilotada por Marcela, que n\u00e3o teria dado seta ao fazer o contorno na Pra\u00e7a Jos\u00e9 Am\u00e9rico.<\/p>\n<p>Lili teve um corte na cabe\u00e7a j\u00e1 est\u00e1 sendo atendida e Marcela apenas escoria\u00e7\u00f5es e sente dores na coluna e pesco\u00e7o.<\/p>\n<p>Pelas informa\u00e7\u00f5es iniciais nenhuma das v\u00edtimas devem ser transferidas para Campina Grande.<\/p>\n<p>O M\u00e9dico de plant\u00e3o Dr. Leonardo est\u00e1 analisando os ferimentos.<\/p>\n<p><strong style=\"font-style: inherit;\">CARIRI EM A\u00c7\u00c3O<\/strong><\/p>\n<p><strong>\u00a0<\/strong><\/p>\n<p>&nbsp;<\/p>\n<p>Com Informa\u00e7\u00f5es de Jacquelline Oliveira\/95 FM<\/p>\n<p><strong>Leia mais not\u00edcias em\u00a0<a href=\"http:\/\/www.caririemacao.com\/\">caririemacao.com<\/a>, siga nossa p\u00e1gina no\u00a0<a href=\"https:\/\/www.facebook.com\/CaririEmAcao\/?ref=aymt_homepage_panel\">Facebook<\/a>,\u00a0<a href=\"https:\/\/www.instagram.com\/cariri_em_acao\/?hl=pt-br\">Instagram<\/a>\u00a0e <a href=\"https:\/\/www.youtube.com\/channel\/UCAptA0jQuYQy8vMhLt2m4qg\">Youtube<\/a>\u00a0e veja nossas mat\u00e9rias, v\u00eddeos e fotos. Voc\u00ea tamb\u00e9m pode enviar informa\u00e7\u00f5es \u00e0 Reda\u00e7\u00e3o do Portal Cariri em A\u00e7\u00e3o pelo WhatsApp (83) 9 9634.5791, (83) 9 9601-1162.<\/strong><\/p>\n<p>&nbsp;<\/p>\n","protected":false},"excerpt":{"rendered":"<p>Mais um acidente foi registrado na Avenida 1\u00ba de abril em Sum\u00e9, na noite deste domingo (20\/08) duas motos de chocaram, deixando duas pessoas levemente&hellip; <\/p>\n","protected":false},"author":2,"featured_media":26615,"comment_status":"closed","ping_status":"closed","sticky":false,"template":"","format":"standard","meta":{"sfsi_plus_gutenberg_text_before_share":"","sfsi_plus_gutenberg_show_text_before_share":"","sfsi_plus_gutenberg_icon_type":"","sfsi_plus_gutenberg_icon_alignemt":"","sfsi_plus_gutenburg_max_per_row":"","footnotes":""},"categories":[12],"tags":[],"class_list":["post-26614","post","type-post","status-publish","format-standard","has-post-thumbnail","hentry","category-policia"],"_links":{"self":[{"href":"https:\/\/www.caririemacao.com\/1\/wp-json\/wp\/v2\/posts\/26614","targetHints":{"allow":["GET"]}}],"collection":[{"href":"https:\/\/www.caririemacao.com\/1\/wp-json\/wp\/v2\/posts"}],"about":[{"href":"https:\/\/www.caririemacao.com\/1\/wp-json\/wp\/v2\/types\/post"}],"author":[{"embeddable":true,"href":"https:\/\/www.caririemacao.com\/1\/wp-json\/wp\/v2\/users\/2"}],"replies":[{"embeddable":true,"href":"https:\/\/www.caririemacao.com\/1\/wp-json\/wp\/v2\/comments?post=26614"}],"version-history":[{"count":0,"href":"https:\/\/www.caririemacao.com\/1\/wp-json\/wp\/v2\/posts\/26614\/revisions"}],"wp:featuredmedia":[{"embeddable":true,"href":"https:\/\/www.caririemacao.com\/1\/wp-json\/wp\/v2\/media\/26615"}],"wp:attachment":[{"href":"https:\/\/www.caririemacao.com\/1\/wp-json\/wp\/v2\/media?parent=26614"}],"wp:term":[{"taxonomy":"category","embeddable":true,"href":"https:\/\/www.caririemacao.com\/1\/wp-json\/wp\/v2\/categories?post=26614"},{"taxonomy":"post_tag","embeddable":true,"href":"https:\/\/www.caririemacao.com\/1\/wp-json\/wp\/v2\/tags?post=26614"}],"curies":[{"name":"wp","href":"https:\/\/api.w.org\/{rel}","templated":true}]}}