{"id":26617,"date":"2017-08-20T22:00:13","date_gmt":"2017-08-21T01:00:13","guid":{"rendered":"http:\/\/caririemacao.com\/1\/?p=26617"},"modified":"2017-08-20T22:00:13","modified_gmt":"2017-08-21T01:00:13","slug":"palmeiras-perde-da-chape-e-recoloca-sao-paulo-no-z-4","status":"publish","type":"post","link":"https:\/\/www.caririemacao.com\/1\/2017\/08\/20\/palmeiras-perde-da-chape-e-recoloca-sao-paulo-no-z-4\/","title":{"rendered":"Palmeiras perde da Chape e recoloca S\u00e3o Paulo no Z-4"},"content":{"rendered":"<p>O Palmeiras estreou uma nova e linda camisa na partida contra a Chapecoense neste domingo (20), no Allianz Parque. Pena que o futebol do time n\u00e3o foi t\u00e3o belo assim, e o torcedor acabou deixando o Allianz Parque de cabe\u00e7a inchada com uma derrota por 2 a 0.<\/p>\n<p>Amea\u00e7ada de rebaixamento no Campeonato Brasileiro, a Chape entrou em campo apostando em uma bola. E foi nessa bola que o zagueiro Fabr\u00edcio Bruno levou a melhor no duelo com o goleiro Fernando Prass para abrir o caminho da importante vit\u00f3ria dos catarinenses.<\/p>\n<p>No segundo tempo, momentos antes do apito final, T\u00falio de Melo aproveitou vacilo da zaga para fazer 2 a 0 e definir o jogo.<\/p>\n<p>O resultado levou a Chape aos 25 pontos, tirou o time da zona de rebaixamento e devolveu o S\u00e3o Paulo \u00e0 degola. O Palmeiras estacionou nos 33 e perdeu a chance de se aproximar do Santos, terceiro colocado na tabela.<\/p>\n<p>Na pr\u00f3xima rodada o Palmeiras volta a atuar em seus dom\u00ednios no cl\u00e1ssico contra o S\u00e3o Paulo, enquanto a Chapecoense ter\u00e1 duelo caseiro contra o Ava\u00ed, na Ressacada.<\/p>\n<p><strong>CARIRI EM A\u00c7\u00c3O<\/strong><\/p>\n<p>r7<\/p>\n<p><strong>Leia mais not\u00edcias em\u00a0<a href=\"http:\/\/www.caririemacao.com\/\">caririemacao.com<\/a>, siga nossa p\u00e1gina no\u00a0<a href=\"https:\/\/www.facebook.com\/CaririEmAcao\/?ref=aymt_homepage_panel\">Facebook<\/a>,\u00a0<a href=\"https:\/\/www.instagram.com\/cariri_em_acao\/?hl=pt-br\">Instagram<\/a>\u00a0e <a href=\"https:\/\/www.youtube.com\/channel\/UCAptA0jQuYQy8vMhLt2m4qg\">Youtube<\/a>\u00a0e veja nossas mat\u00e9rias, v\u00eddeos e fotos. Voc\u00ea tamb\u00e9m pode enviar informa\u00e7\u00f5es \u00e0 Reda\u00e7\u00e3o do Portal Cariri em A\u00e7\u00e3o pelo WhatsApp (83) 9 9634.5791, (83) 9 9601-1162.<\/strong><\/p>\n","protected":false},"excerpt":{"rendered":"<p>O Palmeiras estreou uma nova e linda camisa na partida contra a Chapecoense neste domingo (20), no Allianz Parque. Pena que o futebol do time&hellip; <\/p>\n","protected":false},"author":2,"featured_media":26618,"comment_status":"closed","ping_status":"closed","sticky":false,"template":"","format":"standard","meta":{"sfsi_plus_gutenberg_text_before_share":"","sfsi_plus_gutenberg_show_text_before_share":"","sfsi_plus_gutenberg_icon_type":"","sfsi_plus_gutenberg_icon_alignemt":"","sfsi_plus_gutenburg_max_per_row":"","footnotes":""},"categories":[13],"tags":[],"class_list":["post-26617","post","type-post","status-publish","format-standard","has-post-thumbnail","hentry","category-esportes"],"_links":{"self":[{"href":"https:\/\/www.caririemacao.com\/1\/wp-json\/wp\/v2\/posts\/26617","targetHints":{"allow":["GET"]}}],"collection":[{"href":"https:\/\/www.caririemacao.com\/1\/wp-json\/wp\/v2\/posts"}],"about":[{"href":"https:\/\/www.caririemacao.com\/1\/wp-json\/wp\/v2\/types\/post"}],"author":[{"embeddable":true,"href":"https:\/\/www.caririemacao.com\/1\/wp-json\/wp\/v2\/users\/2"}],"replies":[{"embeddable":true,"href":"https:\/\/www.caririemacao.com\/1\/wp-json\/wp\/v2\/comments?post=26617"}],"version-history":[{"count":0,"href":"https:\/\/www.caririemacao.com\/1\/wp-json\/wp\/v2\/posts\/26617\/revisions"}],"wp:featuredmedia":[{"embeddable":true,"href":"https:\/\/www.caririemacao.com\/1\/wp-json\/wp\/v2\/media\/26618"}],"wp:attachment":[{"href":"https:\/\/www.caririemacao.com\/1\/wp-json\/wp\/v2\/media?parent=26617"}],"wp:term":[{"taxonomy":"category","embeddable":true,"href":"https:\/\/www.caririemacao.com\/1\/wp-json\/wp\/v2\/categories?post=26617"},{"taxonomy":"post_tag","embeddable":true,"href":"https:\/\/www.caririemacao.com\/1\/wp-json\/wp\/v2\/tags?post=26617"}],"curies":[{"name":"wp","href":"https:\/\/api.w.org\/{rel}","templated":true}]}}