{"id":26643,"date":"2017-08-21T13:10:47","date_gmt":"2017-08-21T16:10:47","guid":{"rendered":"http:\/\/caririemacao.com\/1\/?p=26643"},"modified":"2017-08-21T13:10:47","modified_gmt":"2017-08-21T16:10:47","slug":"oposicao-em-sao-joao-do-cariri-rebate-declaracoes-do-vereador-george-aquino","status":"publish","type":"post","link":"https:\/\/www.caririemacao.com\/1\/2017\/08\/21\/oposicao-em-sao-joao-do-cariri-rebate-declaracoes-do-vereador-george-aquino\/","title":{"rendered":"Oposi\u00e7\u00e3o em S\u00e3o Jo\u00e3o do Cariri rebate declara\u00e7\u00f5es do vereador George Aquino"},"content":{"rendered":"<p>Os vereadores Robson Brito e Romero Cavalcante repudiam a declara\u00e7\u00e3o do colega George Aquino, que afirmou em nota que ele \u00e9 o \u00fanico vereador de oposi\u00e7\u00e3o em S\u00e3o Jo\u00e3o do Cariri.<\/p>\n<p><strong>NOTA:<\/strong><\/p>\n<p>Queremos atrav\u00e9s desde espa\u00e7o, expressar nossa insatisfa\u00e7\u00e3o e dizer a todos que N\u00c3O \u00c9 VERDADE a declara\u00e7\u00e3o dada pelo Vereador George Aquino e publicada pelo portal de noticias Cariri em a\u00e7\u00e3o, dando conta de que ele \u00e9 o \u00fanico parlamentar que faz oposi\u00e7\u00e3o ao governo Municipal em S\u00e3o Jo\u00e3o do Cariri \u2013 PB, quando na verdade somos tr\u00eas.<\/p>\n<p>\u00c9 IMPORTANTE deixar bem claro para todos, que n\u00e3o deixamos a oposi\u00e7\u00e3o pelo fato de termos votado na acolhida da representa\u00e7\u00e3o feita contra o vereador George Aquino, pelo presidente do PTC, Marcondes Pereira, que diferente do que foi dito, tamb\u00e9m faz parte da oposi\u00e7\u00e3o, ou seja, foi um dos partidos de nossa coliga\u00e7\u00e3o nas elei\u00e7\u00f5es 2016 (PTB &#8211; PSB \u2013 PTC) que tivemos como candidato a Prefeito Chico de Eulina. Apenas votamos favor\u00e1vel porque na oportunidade entendemos que as den\u00fancias eram graves e caberia serem apuradas e fomos sorteados para compor a comiss\u00e3o processante, mas continuamos fazendo parte da oposi\u00e7\u00e3o SIM, at\u00e9 porque, n\u00e3o h\u00e1 o menor sentido em tentar confundir o nosso posicionamento, pois as den\u00fancias n\u00e3o tiveram sua origem na Prefeitura, elas s\u00e3o frutos de uma opera\u00e7\u00e3o policial no DETRAN e investiga\u00e7\u00f5es em outras reparti\u00e7\u00f5es p\u00fablicas Estaduais, onde supostamente o vereador teria usando sua influ\u00eancia junto ao governo do Estado para receber vantagens indevidas. Contudo, esperamos que o colega ao inv\u00e9s de desqualificar o denunciante ou procurar culpados para acusar de persegui\u00e7\u00e3o, apresente sua defesa na comiss\u00e3o respons\u00e1vel e ao final consiga mostrar para todos na C\u00e2mara Municipal e na sociedade que nunca praticou nenhum ato que atente contra o decoro Parlamentar.<\/p>\n<p>QUANTO AO FATO do pedido de afastamento de 60 dias para tratamento de sa\u00fade n\u00e3o ter sido aprovado, achamos que o colega George Aquino precisa ter mais aten\u00e7\u00e3o com as datas, pois seu pedido n\u00e3o foi votado por que n\u00e3o conseguimos entender como \u00e9 que o nobre colega pede aprova\u00e7\u00e3o no dia 18\/08 de um segundo afastamento, se o primeiro de 30 dias ainda vai vencer dia 27 de agosto! Assim como, n\u00e3o entendemos a afirma\u00e7\u00e3o de vossa excel\u00eancia, que teria ficado 15 dias internado, quando na verdade a C\u00e2mara Municipal recebeu declara\u00e7\u00e3o por escrita do Hospital informando que seu internamento foi das 14h20min do dia 27\/07\/2017 \u00e0s 12h19min do dia 02\/08\/2017. Qual declara\u00e7\u00e3o merece confian\u00e7a?\u00a0 Por conta destas e de outras d\u00favidas, n\u00e3o houve a vota\u00e7\u00e3o, mas quando acontecer os devidos esclarecimentos por parte da presid\u00eancia da C\u00e2mara e do vereador\u00a0 acreditamos que ser\u00e1 votado.<\/p>\n<p>Finalizamos reassumindo o compromisso com o povo do nosso munic\u00edpio em continuar fazendo o nosso trabalho e cobrando\u00a0 uma boa gest\u00e3o do dinheiro p\u00fablico, esse \u00e9 o papel da oposi\u00e7\u00e3o e de todos os vereadores, afinal somos fiscais da popula\u00e7\u00e3o. Como membros da comiss\u00e3o processante, faremos um trabalho t\u00e9cnico e votaremos de acordo com a verdade dos fatos, respeitando acima de tudo a LEI.<\/p>\n<p>VEREADORES:<\/p>\n<p>Jos\u00e9 Robson Brito de Lima<\/p>\n<p>Romero Ramos Cavalcante.<\/p>\n","protected":false},"excerpt":{"rendered":"<p>Os vereadores Robson Brito e Romero Cavalcante repudiam a declara\u00e7\u00e3o do colega George Aquino, que afirmou em nota que ele \u00e9 o \u00fanico vereador de&hellip; <\/p>\n","protected":false},"author":2,"featured_media":26644,"comment_status":"closed","ping_status":"closed","sticky":false,"template":"","format":"standard","meta":{"sfsi_plus_gutenberg_text_before_share":"","sfsi_plus_gutenberg_show_text_before_share":"","sfsi_plus_gutenberg_icon_type":"","sfsi_plus_gutenberg_icon_alignemt":"","sfsi_plus_gutenburg_max_per_row":"","footnotes":""},"categories":[11],"tags":[],"class_list":["post-26643","post","type-post","status-publish","format-standard","has-post-thumbnail","hentry","category-politica"],"_links":{"self":[{"href":"https:\/\/www.caririemacao.com\/1\/wp-json\/wp\/v2\/posts\/26643","targetHints":{"allow":["GET"]}}],"collection":[{"href":"https:\/\/www.caririemacao.com\/1\/wp-json\/wp\/v2\/posts"}],"about":[{"href":"https:\/\/www.caririemacao.com\/1\/wp-json\/wp\/v2\/types\/post"}],"author":[{"embeddable":true,"href":"https:\/\/www.caririemacao.com\/1\/wp-json\/wp\/v2\/users\/2"}],"replies":[{"embeddable":true,"href":"https:\/\/www.caririemacao.com\/1\/wp-json\/wp\/v2\/comments?post=26643"}],"version-history":[{"count":0,"href":"https:\/\/www.caririemacao.com\/1\/wp-json\/wp\/v2\/posts\/26643\/revisions"}],"wp:featuredmedia":[{"embeddable":true,"href":"https:\/\/www.caririemacao.com\/1\/wp-json\/wp\/v2\/media\/26644"}],"wp:attachment":[{"href":"https:\/\/www.caririemacao.com\/1\/wp-json\/wp\/v2\/media?parent=26643"}],"wp:term":[{"taxonomy":"category","embeddable":true,"href":"https:\/\/www.caririemacao.com\/1\/wp-json\/wp\/v2\/categories?post=26643"},{"taxonomy":"post_tag","embeddable":true,"href":"https:\/\/www.caririemacao.com\/1\/wp-json\/wp\/v2\/tags?post=26643"}],"curies":[{"name":"wp","href":"https:\/\/api.w.org\/{rel}","templated":true}]}}