{"id":26648,"date":"2017-08-21T13:42:41","date_gmt":"2017-08-21T16:42:41","guid":{"rendered":"http:\/\/caririemacao.com\/1\/?p=26648"},"modified":"2017-08-21T13:42:41","modified_gmt":"2017-08-21T16:42:41","slug":"rc-antecipa-fim-do-racionamento-e-detona-romero-tem-comportamento-demagogico","status":"publish","type":"post","link":"https:\/\/www.caririemacao.com\/1\/2017\/08\/21\/rc-antecipa-fim-do-racionamento-e-detona-romero-tem-comportamento-demagogico\/","title":{"rendered":"RC antecipa fim do racionamento e detona Romero: &#8220;Tem comportamento demag\u00f3gico&#8221;"},"content":{"rendered":"<p>O governador Ricardo Coutinho (PSB) antecipou, nesta segunda-feira (21), durante coletiva a imprensa, na manh\u00e3 desta segunda-feira (21), o fim do racionamento de \u00e1gua em Campina Grande e 18 cidades da regi\u00e3o do Compartimento da Borborema, para o pr\u00f3ximo dia 25.<\/p>\n<p>No in\u00edcio do m\u00eas, a Cagepa tinha anunciado o fim do racionamento para o dia 26. A entrevista aconteceu na Ger\u00eancia Regional da Cagepa, no Bairro do Catol\u00e9, em Campina Grande.<\/p>\n<p>Ap\u00f3s o an\u00fancio do fim do raconamento, no in\u00edcio do m\u00eas, a oposi\u00e7\u00e3o acusou o governo de usar o ato para fazer pol\u00edtica, alegando que o a\u00e7ude de Boqueir\u00e3o, ainda n\u00e3o tem condi\u00e7\u00f5es de abastecer os munic\u00edpios. Ricardo considerou essa pol\u00eamica em torno do assunto in\u00fatil.<\/p>\n<p>&#8220;Eu sou uma pessoa, que tenho, em algumas situa\u00e7\u00f5es, que expressar minha indigna\u00e7\u00e3o, tem gente na politica que brinca muito com as necessidades das pesoas. Quem tem uma cisterna de 25 mil litros dentro dos seus condom\u00ednios, n\u00e3o sofre com racionamento nenhum. Agora quem tem um tambor dentro do seu banheiro e tem que pegar essa \u00e1gua para conzinhar e tomar, essa sim tem o interesse imediato que as coisas se normalize. Para esses o que interessa \u00e9 aproveitar o sofrimento do povo para debitar nas costas dos advers\u00e1rios pol\u00edticos. Eles n\u00e3o querem que o povo seja feliz&#8221;, declarou.<\/p>\n<p>Ricardo tamb\u00e9m criticou veereadres e o prefeito de Campina Grande, Romero Rodrigues (PSDB), a quem acusou de adotar uma postura chocante com rela\u00e7\u00e3o ao tema.<\/p>\n<p>&#8220;Sua excel\u00eancia, o prefeito de Campina Grande, no dia 11 de julho defendeu o fim do racionamento e n\u00f3s estamos em 21 de agosto. Olhem s\u00f3 o que o prefeito disse em abril de 2017 em entrevista a r\u00e1dio Caturit\u00e9. Esse \u00e9 o t\u00edtulo: Campina Grande, com a chegada das \u00e1guas, prefeito Romero defene o fim do racionamento, se tiver boa vontade da Cagepa. N\u00e3o tem mais porque maltratar Campina Grande, com esse racionamento severo. Voc\u00ea quer uma fala mais eleitoreira que essa?&#8221;, indagou.<\/p>\n<p><strong>CARIRI EM A\u00c7\u00c3O<\/strong><\/p>\n<p><em>Com WSCOM \/Foto: Google<\/em><\/p>\n<p><strong>Leia mais not\u00edcias em\u00a0<\/strong><a href=\"http:\/\/www.caririemacao.com\/\"><strong>caririemacao.com<\/strong><\/a><strong>, siga nossa p\u00e1gina no\u00a0<\/strong><a href=\"https:\/\/www.facebook.com\/CaririEmAcao\/?ref=aymt_homepage_panel\"><strong>Facebook<\/strong><\/a>,<strong>\u00a0<\/strong><a href=\"https:\/\/www.instagram.com\/cariri_em_acao\/?hl=pt-br\"><strong>Instagram<\/strong><\/a><strong>\u00a0e <\/strong><a href=\"https:\/\/www.youtube.com\/channel\/UCAptA0jQuYQy8vMhLt2m4qg\"><strong>Youtube<\/strong><\/a><strong>\u00a0e veja nossas mat\u00e9rias, v\u00eddeos e fotos. Voc\u00ea tamb\u00e9m pode enviar informa\u00e7\u00f5es \u00e0 Reda\u00e7\u00e3o do Portal Cariri em A\u00e7\u00e3o pelo WhatsApp (83) 9 9634.5791, (83) 9 9601-1162.<\/strong><\/p>\n","protected":false},"excerpt":{"rendered":"<p>O governador Ricardo Coutinho (PSB) antecipou, nesta segunda-feira (21), durante coletiva a imprensa, na manh\u00e3 desta segunda-feira (21), o fim do racionamento de \u00e1gua em&hellip; <\/p>\n","protected":false},"author":2,"featured_media":17078,"comment_status":"closed","ping_status":"closed","sticky":false,"template":"","format":"standard","meta":{"sfsi_plus_gutenberg_text_before_share":"","sfsi_plus_gutenberg_show_text_before_share":"","sfsi_plus_gutenberg_icon_type":"","sfsi_plus_gutenberg_icon_alignemt":"","sfsi_plus_gutenburg_max_per_row":"","footnotes":""},"categories":[11],"tags":[],"class_list":["post-26648","post","type-post","status-publish","format-standard","has-post-thumbnail","hentry","category-politica"],"_links":{"self":[{"href":"https:\/\/www.caririemacao.com\/1\/wp-json\/wp\/v2\/posts\/26648","targetHints":{"allow":["GET"]}}],"collection":[{"href":"https:\/\/www.caririemacao.com\/1\/wp-json\/wp\/v2\/posts"}],"about":[{"href":"https:\/\/www.caririemacao.com\/1\/wp-json\/wp\/v2\/types\/post"}],"author":[{"embeddable":true,"href":"https:\/\/www.caririemacao.com\/1\/wp-json\/wp\/v2\/users\/2"}],"replies":[{"embeddable":true,"href":"https:\/\/www.caririemacao.com\/1\/wp-json\/wp\/v2\/comments?post=26648"}],"version-history":[{"count":0,"href":"https:\/\/www.caririemacao.com\/1\/wp-json\/wp\/v2\/posts\/26648\/revisions"}],"wp:featuredmedia":[{"embeddable":true,"href":"https:\/\/www.caririemacao.com\/1\/wp-json\/wp\/v2\/media\/17078"}],"wp:attachment":[{"href":"https:\/\/www.caririemacao.com\/1\/wp-json\/wp\/v2\/media?parent=26648"}],"wp:term":[{"taxonomy":"category","embeddable":true,"href":"https:\/\/www.caririemacao.com\/1\/wp-json\/wp\/v2\/categories?post=26648"},{"taxonomy":"post_tag","embeddable":true,"href":"https:\/\/www.caririemacao.com\/1\/wp-json\/wp\/v2\/tags?post=26648"}],"curies":[{"name":"wp","href":"https:\/\/api.w.org\/{rel}","templated":true}]}}