{"id":26650,"date":"2017-08-21T14:27:07","date_gmt":"2017-08-21T17:27:07","guid":{"rendered":"http:\/\/caririemacao.com\/1\/?p=26650"},"modified":"2017-08-21T14:27:07","modified_gmt":"2017-08-21T17:27:07","slug":"cartaxo-chama-guarda-militar-de-gambiarra-e-alfineta-ricardo-nao-faz-concurso","status":"publish","type":"post","link":"https:\/\/www.caririemacao.com\/1\/2017\/08\/21\/cartaxo-chama-guarda-militar-de-gambiarra-e-alfineta-ricardo-nao-faz-concurso\/","title":{"rendered":"Cartaxo chama Guarda Militar de gambiarra e alfineta Ricardo: &#8220;N\u00e3o faz concurso&#8221;"},"content":{"rendered":"<p>O prefeito de Jo\u00e3o Pessoa, Luciano Cartaxo (PSD), criticou, nesta segunda-feira (21), a Medida Provis\u00f3ria do Governo do Estado, publicada no Di\u00e1rio Oficial da quinta-feira (17), criando a Guarda Militar Tempor\u00e1ria (GMT) para auxiliar nas atividades ostensivas exclusivas da Pol\u00edcia Militar dominou os debates da sess\u00e3o ordin\u00e1ria da Assembleia Legislativa (ALPB). Segundo Cartaxo, a GMT \u00e9 uma &#8220;gambiarra. um improviso, que n\u00e3o resolve os problemas da &#8220;inseguran\u00e7a&#8221; do Estado.<\/p>\n<p>As declara\u00e7\u00f5es do prefeito foram feitas durante o lan\u00e7amento de concurso p\u00fablico para \u00e1rea de sa\u00fade com 587 vagas.<\/p>\n<p>&#8220;A gente tem feito concurso p\u00fablico na nossa gest\u00e3o. Acho que solu\u00e7\u00f5es t\u00eam que ser definitivas e preservando o que a gente acha que \u00e9 essencial, que \u00e9 o concurso p\u00fablico. Na minha leitura, a Pol\u00edcia Militar e a Pol\u00edcia Civil mereciam um concurso p\u00fablico. Improvisar numa \u00e1rea t\u00e3o importante \u00e9 um preju\u00edzo muito grande para o povo da Para\u00edba&#8221;, declarou.<\/p>\n<p>&#8220;Eu acho sim que \u00e9 uma gambiarra, pois voc\u00ea n\u00e3o consegue revolver o problema de forma definitiva, como manda a Lei, com o instituto do concurso p\u00fablico, a\u00ed busca alternativas e vira uma verdadeira gambiarra e quem paga um pre\u00e7o muito alto \u00e9 a popula\u00e7\u00e3o&#8221;, acrescentou.<\/p>\n<p><strong>CARIRI EM A\u00c7\u00c3O<\/strong><\/p>\n<p><em>Com WSCOM\/Foto: Joserly Luiz<\/em><\/p>\n<p><strong>Leia mais not\u00edcias em\u00a0<\/strong><a href=\"http:\/\/www.caririemacao.com\/\"><strong>caririemacao.com<\/strong><\/a><strong>, siga nossa p\u00e1gina no\u00a0<\/strong><a href=\"https:\/\/www.facebook.com\/CaririEmAcao\/?ref=aymt_homepage_panel\"><strong>Facebook<\/strong><\/a>,<strong>\u00a0<\/strong><a href=\"https:\/\/www.instagram.com\/cariri_em_acao\/?hl=pt-br\"><strong>Instagram<\/strong><\/a><strong>\u00a0e <\/strong><a href=\"https:\/\/www.youtube.com\/channel\/UCAptA0jQuYQy8vMhLt2m4qg\"><strong>Youtube<\/strong><\/a><strong>\u00a0e veja nossas mat\u00e9rias, v\u00eddeos e fotos. Voc\u00ea tamb\u00e9m pode enviar informa\u00e7\u00f5es \u00e0 Reda\u00e7\u00e3o do Portal Cariri em A\u00e7\u00e3o pelo WhatsApp (83) 9 9634.5791, (83) 9 9601-1162.<\/strong><\/p>\n<p>&nbsp;<\/p>\n","protected":false},"excerpt":{"rendered":"<p>O prefeito de Jo\u00e3o Pessoa, Luciano Cartaxo (PSD), criticou, nesta segunda-feira (21), a Medida Provis\u00f3ria do Governo do Estado, publicada no Di\u00e1rio Oficial da quinta-feira&hellip; <\/p>\n","protected":false},"author":2,"featured_media":26651,"comment_status":"closed","ping_status":"closed","sticky":false,"template":"","format":"standard","meta":{"sfsi_plus_gutenberg_text_before_share":"","sfsi_plus_gutenberg_show_text_before_share":"","sfsi_plus_gutenberg_icon_type":"","sfsi_plus_gutenberg_icon_alignemt":"","sfsi_plus_gutenburg_max_per_row":"","footnotes":""},"categories":[2],"tags":[],"class_list":["post-26650","post","type-post","status-publish","format-standard","has-post-thumbnail","hentry","category-geral"],"_links":{"self":[{"href":"https:\/\/www.caririemacao.com\/1\/wp-json\/wp\/v2\/posts\/26650","targetHints":{"allow":["GET"]}}],"collection":[{"href":"https:\/\/www.caririemacao.com\/1\/wp-json\/wp\/v2\/posts"}],"about":[{"href":"https:\/\/www.caririemacao.com\/1\/wp-json\/wp\/v2\/types\/post"}],"author":[{"embeddable":true,"href":"https:\/\/www.caririemacao.com\/1\/wp-json\/wp\/v2\/users\/2"}],"replies":[{"embeddable":true,"href":"https:\/\/www.caririemacao.com\/1\/wp-json\/wp\/v2\/comments?post=26650"}],"version-history":[{"count":0,"href":"https:\/\/www.caririemacao.com\/1\/wp-json\/wp\/v2\/posts\/26650\/revisions"}],"wp:featuredmedia":[{"embeddable":true,"href":"https:\/\/www.caririemacao.com\/1\/wp-json\/wp\/v2\/media\/26651"}],"wp:attachment":[{"href":"https:\/\/www.caririemacao.com\/1\/wp-json\/wp\/v2\/media?parent=26650"}],"wp:term":[{"taxonomy":"category","embeddable":true,"href":"https:\/\/www.caririemacao.com\/1\/wp-json\/wp\/v2\/categories?post=26650"},{"taxonomy":"post_tag","embeddable":true,"href":"https:\/\/www.caririemacao.com\/1\/wp-json\/wp\/v2\/tags?post=26650"}],"curies":[{"name":"wp","href":"https:\/\/api.w.org\/{rel}","templated":true}]}}