{"id":26654,"date":"2017-08-21T16:19:52","date_gmt":"2017-08-21T19:19:52","guid":{"rendered":"http:\/\/caririemacao.com\/1\/?p=26654"},"modified":"2017-08-21T16:32:16","modified_gmt":"2017-08-21T19:32:16","slug":"imagem-peregrina-de-nossa-senhora-dos-milagres-e-acolhida-em-parari","status":"publish","type":"post","link":"https:\/\/www.caririemacao.com\/1\/2017\/08\/21\/imagem-peregrina-de-nossa-senhora-dos-milagres-e-acolhida-em-parari\/","title":{"rendered":"Imagem peregrina de Nossa Senhora dos Milagres \u00e9 acolhida em Parari"},"content":{"rendered":"<p style=\"text-align: left;\">A Par\u00f3quia S\u00e3o Jos\u00e9, da cidade de Parari, acolheu na noite deste domingo (20), a imagem peregrina de Nossa Senhora dos Milagres que foi trazida pela comunidade do Sagrado Cora\u00e7\u00e3o de Jesus da cidade de Santo Andr\u00e9.<\/p>\n<p><a href=\"http:\/\/caririemacao.com\/1\/wp-content\/uploads\/2017\/08\/DSC_0027-1.jpg\"><img fetchpriority=\"high\" decoding=\"async\" class=\"aligncenter wp-image-26657 size-full\" src=\"http:\/\/caririemacao.com\/1\/wp-content\/uploads\/2017\/08\/DSC_0027-1.jpg\" alt=\"\" width=\"800\" height=\"532\" srcset=\"https:\/\/www.caririemacao.com\/1\/wp-content\/uploads\/2017\/08\/DSC_0027-1.jpg 800w, https:\/\/www.caririemacao.com\/1\/wp-content\/uploads\/2017\/08\/DSC_0027-1-300x200.jpg 300w, https:\/\/www.caririemacao.com\/1\/wp-content\/uploads\/2017\/08\/DSC_0027-1-768x511.jpg 768w\" sizes=\"(max-width: 800px) 100vw, 800px\" \/><\/a><\/p>\n<p style=\"text-align: left;\">A carreata que trouxe a imagem peregrina de Nossa Senhora dos Milagres, padroeira do Cariri, chegou a Parari por volta das 19h30min, acompanhada dos padres Manoel Cristino, de Santo Andr\u00e9 e de Valdir Campelo, p\u00e1roco do Santu\u00e1rio Nossa Senhor dos Milagres e dos fieis da \u00e1rea pastoral do Sagrado Cora\u00e7\u00e3o de Jesus da cidade de Santo Andr\u00e9.<\/p>\n<p><a href=\"http:\/\/caririemacao.com\/1\/wp-content\/uploads\/2017\/08\/DSC_0068.jpg\"><img decoding=\"async\" class=\"aligncenter wp-image-26658 size-full lazyload\" data-src=\"http:\/\/caririemacao.com\/1\/wp-content\/uploads\/2017\/08\/DSC_0068.jpg\" alt=\"\" width=\"800\" height=\"532\" data-srcset=\"https:\/\/www.caririemacao.com\/1\/wp-content\/uploads\/2017\/08\/DSC_0068.jpg 800w, https:\/\/www.caririemacao.com\/1\/wp-content\/uploads\/2017\/08\/DSC_0068-300x200.jpg 300w, https:\/\/www.caririemacao.com\/1\/wp-content\/uploads\/2017\/08\/DSC_0068-768x511.jpg 768w\" data-sizes=\"(max-width: 800px) 100vw, 800px\" src=\"data:image\/svg+xml;base64,PHN2ZyB3aWR0aD0iMSIgaGVpZ2h0PSIxIiB4bWxucz0iaHR0cDovL3d3dy53My5vcmcvMjAwMC9zdmciPjwvc3ZnPg==\" style=\"--smush-placeholder-width: 800px; --smush-placeholder-aspect-ratio: 800\/532;\" \/><\/a><\/p>\n<p style=\"text-align: left;\">Na oportunidade, foi celebrada Missa como a presen\u00e7a do p\u00e1roco local, padre Joselito e toda a comunidade\u00a0parariense, a visita de Nossa Senhora \u00e9 uma das atividades de prepara\u00e7\u00e3o para a maior festa religiosa do Cariri paraibano. A festa ter\u00e1 inicio no pr\u00f3ximo dia 31 de agosto e se estender\u00e1 at\u00e9 11 de setembro.<\/p>\n<p><a href=\"http:\/\/caririemacao.com\/1\/wp-content\/uploads\/2017\/08\/DSC_0054.jpg\"><img decoding=\"async\" class=\"aligncenter wp-image-26659 size-full lazyload\" data-src=\"http:\/\/caririemacao.com\/1\/wp-content\/uploads\/2017\/08\/DSC_0054.jpg\" alt=\"\" width=\"800\" height=\"532\" data-srcset=\"https:\/\/www.caririemacao.com\/1\/wp-content\/uploads\/2017\/08\/DSC_0054.jpg 800w, https:\/\/www.caririemacao.com\/1\/wp-content\/uploads\/2017\/08\/DSC_0054-300x200.jpg 300w, https:\/\/www.caririemacao.com\/1\/wp-content\/uploads\/2017\/08\/DSC_0054-768x511.jpg 768w\" data-sizes=\"(max-width: 800px) 100vw, 800px\" src=\"data:image\/svg+xml;base64,PHN2ZyB3aWR0aD0iMSIgaGVpZ2h0PSIxIiB4bWxucz0iaHR0cDovL3d3dy53My5vcmcvMjAwMC9zdmciPjwvc3ZnPg==\" style=\"--smush-placeholder-width: 800px; --smush-placeholder-aspect-ratio: 800\/532;\" \/><\/a><\/p>\n<p style=\"text-align: left;\">A padroeira do Cariri ser\u00e1 levada para a Par\u00f3quia de Nossa Senhora das Dores, em S\u00e3o Jos\u00e9 dos Cordeiros, ainda nesta segunda-feira, por volta das \u00e0s 18h.<\/p>\n<p><strong><span style=\"font-family: 'Arial Narrow','sans-serif';\">CARIRI EM A\u00c7\u00c3O<\/span><\/strong><\/p>\n<p><strong><span style=\"font-family: 'Arial Narrow','sans-serif';\">Leia mais not\u00edcias em\u00a0<\/span><\/strong><a href=\"http:\/\/www.caririemacao.com\/\"><strong><span style=\"font-family: 'Arial Narrow','sans-serif';\">caririemacao.com<\/span><\/strong><\/a><strong><span style=\"font-family: 'Arial Narrow','sans-serif';\">, siga nossa p\u00e1gina no\u00a0<\/span><\/strong><a href=\"https:\/\/www.facebook.com\/CaririEmAcao\/?ref=aymt_homepage_panel\"><strong><span style=\"font-family: 'Arial Narrow','sans-serif';\">Facebook<\/span><\/strong><\/a><span style=\"font-family: 'Arial Narrow','sans-serif';\">,<strong>\u00a0<a href=\"https:\/\/www.instagram.com\/cariri_em_acao\/?hl=pt-br\">Instagram<\/a>\u00a0e <\/strong><\/span><a href=\"https:\/\/www.youtube.com\/channel\/UCAptA0jQuYQy8vMhLt2m4qg\"><b><span style=\"font-family: 'Arial Narrow','sans-serif';\">Youtube<\/span><\/b><\/a><strong><span style=\"font-family: 'Arial Narrow','sans-serif';\">\u00a0e veja nossas mat\u00e9rias, v\u00eddeos e fotos. Voc\u00ea tamb\u00e9m pode enviar informa\u00e7\u00f5es \u00e0 Reda\u00e7\u00e3o do Portal Cariri em A\u00e7\u00e3o pelo WhatsApp (83) 9 9634.5791, (83) 9 9601-1162.<\/span><\/strong><\/p>\n","protected":false},"excerpt":{"rendered":"<p>A Par\u00f3quia S\u00e3o Jos\u00e9, da cidade de Parari, acolheu na noite deste domingo (20), a imagem peregrina de Nossa Senhora dos Milagres que foi trazida&hellip; <\/p>\n","protected":false},"author":2,"featured_media":26655,"comment_status":"closed","ping_status":"closed","sticky":false,"template":"","format":"standard","meta":{"sfsi_plus_gutenberg_text_before_share":"","sfsi_plus_gutenberg_show_text_before_share":"","sfsi_plus_gutenberg_icon_type":"","sfsi_plus_gutenberg_icon_alignemt":"","sfsi_plus_gutenburg_max_per_row":"","footnotes":""},"categories":[2],"tags":[],"class_list":["post-26654","post","type-post","status-publish","format-standard","has-post-thumbnail","hentry","category-geral"],"_links":{"self":[{"href":"https:\/\/www.caririemacao.com\/1\/wp-json\/wp\/v2\/posts\/26654","targetHints":{"allow":["GET"]}}],"collection":[{"href":"https:\/\/www.caririemacao.com\/1\/wp-json\/wp\/v2\/posts"}],"about":[{"href":"https:\/\/www.caririemacao.com\/1\/wp-json\/wp\/v2\/types\/post"}],"author":[{"embeddable":true,"href":"https:\/\/www.caririemacao.com\/1\/wp-json\/wp\/v2\/users\/2"}],"replies":[{"embeddable":true,"href":"https:\/\/www.caririemacao.com\/1\/wp-json\/wp\/v2\/comments?post=26654"}],"version-history":[{"count":0,"href":"https:\/\/www.caririemacao.com\/1\/wp-json\/wp\/v2\/posts\/26654\/revisions"}],"wp:featuredmedia":[{"embeddable":true,"href":"https:\/\/www.caririemacao.com\/1\/wp-json\/wp\/v2\/media\/26655"}],"wp:attachment":[{"href":"https:\/\/www.caririemacao.com\/1\/wp-json\/wp\/v2\/media?parent=26654"}],"wp:term":[{"taxonomy":"category","embeddable":true,"href":"https:\/\/www.caririemacao.com\/1\/wp-json\/wp\/v2\/categories?post=26654"},{"taxonomy":"post_tag","embeddable":true,"href":"https:\/\/www.caririemacao.com\/1\/wp-json\/wp\/v2\/tags?post=26654"}],"curies":[{"name":"wp","href":"https:\/\/api.w.org\/{rel}","templated":true}]}}