{"id":26665,"date":"2017-08-21T17:07:43","date_gmt":"2017-08-21T20:07:43","guid":{"rendered":"http:\/\/caririemacao.com\/1\/?p=26665"},"modified":"2017-08-21T17:07:43","modified_gmt":"2017-08-21T20:07:43","slug":"prefeitura-recupera-mata-burro-em-comunidade-rural-de-caraubas","status":"publish","type":"post","link":"https:\/\/www.caririemacao.com\/1\/2017\/08\/21\/prefeitura-recupera-mata-burro-em-comunidade-rural-de-caraubas\/","title":{"rendered":"Prefeitura recupera mata burro em comunidade rural de Cara\u00fabas"},"content":{"rendered":"<div>A Prefeitura Municipal de Cara\u00fabas atrav\u00e9s da Secretaria de Obras P\u00fablicas e Servi\u00e7os Urbanos iniciaram a recupera\u00e7\u00e3o de mata burros quebrados localizados em comunidades rurais do munic\u00edpio e que servem de divisas entre localidades que fazem fronteira com outros munic\u00edpios vizinhos.<\/div>\n<div>O prefeito Silvano Dudu esteve acompanhando a recupera\u00e7\u00e3o de um desses equipamentos localizados na comunidade de Curralinho divisa com a comunidade do Salgadinho e com o vizinho munic\u00edpio de S\u00e3o Domingos do Cariri.<\/div>\n<div>De acordo com o secret\u00e1rio Jos\u00e9 Marcelo de Obras P\u00fablicas e Servi\u00e7os Urbanos a maioria dos mata burros apresentam defeitos pela a\u00e7\u00e3o do tempo. Muitos deles encontram-se danificados ou faltando trilhos de ferro o que tem dificultado a a\u00e7\u00e3o do munic\u00edpio na reconstru\u00e7\u00e3o de muitos deles, comentou o secret\u00e1rio.<\/div>\n<div>Segundo dados da Secretaria de Obras P\u00fablicas e Servi\u00e7os Urbanos existem mais de 30 (trinta) mata burros no munic\u00edpio e todos ser\u00e3o inspecionados e recuperados pela atual gest\u00e3o. Seja da mais simples troca de um trilho a reconstru\u00e7\u00e3o ou substitui\u00e7\u00e3o total do mesmo, finalizou Marcelo Neves.<\/div>\n<div>A recupera\u00e7\u00e3o desses equipamentos permite maior comodidade para os propriet\u00e1rios de im\u00f3veis rurais que tem uma forma de garantia de suas divisas de terras, bem como, de que os animais n\u00e3o ser\u00e3o alvo de fuga para outros terrenos. Al\u00e9m do mata burro do Curralinho, dever\u00e3o ser recuperados os mata burros das comunidades de Jacques, Curimat\u00e3es, Barreiras e outros que apresentem defici\u00eancia para o tr\u00e2nsito de ve\u00edculos, haja vista, que os mesmos evitam as antigas porteiras ou cancelas que causam desconforto para quem trafega nas estradas do munic\u00edpio.<\/div>\n<div><\/div>\n<div>\n<p><strong>CARIRI EM A\u00c7\u00c3O<\/strong><\/p>\n<p><em>Com\u00a0SEPLACOM\/Foto:\u00a0Eduardo Belo<\/em><\/p>\n<p><strong>Leia mais not\u00edcias em\u00a0<\/strong><a href=\"http:\/\/www.caririemacao.com\/\"><strong>caririemacao.com<\/strong><\/a><strong>, siga nossa p\u00e1gina no\u00a0<\/strong><a href=\"https:\/\/www.facebook.com\/CaririEmAcao\/?ref=aymt_homepage_panel\"><strong>Facebook<\/strong><\/a>,<strong>\u00a0<\/strong><a href=\"https:\/\/www.instagram.com\/cariri_em_acao\/?hl=pt-br\"><strong>Instagram<\/strong><\/a><strong>\u00a0e <\/strong><a href=\"https:\/\/www.youtube.com\/channel\/UCAptA0jQuYQy8vMhLt2m4qg\"><strong>Youtube<\/strong><\/a><strong>\u00a0e veja nossas mat\u00e9rias, v\u00eddeos e fotos. Voc\u00ea tamb\u00e9m pode enviar informa\u00e7\u00f5es \u00e0 Reda\u00e7\u00e3o do Portal Cariri em A\u00e7\u00e3o pelo WhatsApp (83) 9 9634.5791, (83) 9 9601-1162.<\/strong><\/p>\n<\/div>\n","protected":false},"excerpt":{"rendered":"<p>A Prefeitura Municipal de Cara\u00fabas atrav\u00e9s da Secretaria de Obras P\u00fablicas e Servi\u00e7os Urbanos iniciaram a recupera\u00e7\u00e3o de mata burros quebrados localizados em comunidades rurais&hellip; <\/p>\n","protected":false},"author":2,"featured_media":26666,"comment_status":"closed","ping_status":"closed","sticky":false,"template":"","format":"standard","meta":{"sfsi_plus_gutenberg_text_before_share":"","sfsi_plus_gutenberg_show_text_before_share":"","sfsi_plus_gutenberg_icon_type":"","sfsi_plus_gutenberg_icon_alignemt":"","sfsi_plus_gutenburg_max_per_row":"","footnotes":""},"categories":[2],"tags":[],"class_list":["post-26665","post","type-post","status-publish","format-standard","has-post-thumbnail","hentry","category-geral"],"_links":{"self":[{"href":"https:\/\/www.caririemacao.com\/1\/wp-json\/wp\/v2\/posts\/26665","targetHints":{"allow":["GET"]}}],"collection":[{"href":"https:\/\/www.caririemacao.com\/1\/wp-json\/wp\/v2\/posts"}],"about":[{"href":"https:\/\/www.caririemacao.com\/1\/wp-json\/wp\/v2\/types\/post"}],"author":[{"embeddable":true,"href":"https:\/\/www.caririemacao.com\/1\/wp-json\/wp\/v2\/users\/2"}],"replies":[{"embeddable":true,"href":"https:\/\/www.caririemacao.com\/1\/wp-json\/wp\/v2\/comments?post=26665"}],"version-history":[{"count":0,"href":"https:\/\/www.caririemacao.com\/1\/wp-json\/wp\/v2\/posts\/26665\/revisions"}],"wp:featuredmedia":[{"embeddable":true,"href":"https:\/\/www.caririemacao.com\/1\/wp-json\/wp\/v2\/media\/26666"}],"wp:attachment":[{"href":"https:\/\/www.caririemacao.com\/1\/wp-json\/wp\/v2\/media?parent=26665"}],"wp:term":[{"taxonomy":"category","embeddable":true,"href":"https:\/\/www.caririemacao.com\/1\/wp-json\/wp\/v2\/categories?post=26665"},{"taxonomy":"post_tag","embeddable":true,"href":"https:\/\/www.caririemacao.com\/1\/wp-json\/wp\/v2\/tags?post=26665"}],"curies":[{"name":"wp","href":"https:\/\/api.w.org\/{rel}","templated":true}]}}