{"id":266655,"date":"2023-04-17T16:14:10","date_gmt":"2023-04-17T19:14:10","guid":{"rendered":"https:\/\/www.caririemacao.com\/1\/?p=266655"},"modified":"2023-04-17T19:26:36","modified_gmt":"2023-04-17T22:26:36","slug":"em-audiencia-com-o-ministro-da-integracao-dr-romualdo-apresenta-projetos-para-perenizar-rios-do-cariri","status":"publish","type":"post","link":"https:\/\/www.caririemacao.com\/1\/2023\/04\/17\/em-audiencia-com-o-ministro-da-integracao-dr-romualdo-apresenta-projetos-para-perenizar-rios-do-cariri\/","title":{"rendered":"Em audi\u00eancia com o Ministro da Integra\u00e7\u00e3o, Dr. Romualdo apresenta projetos para perenizar rios do Cariri"},"content":{"rendered":"<p>Em audi\u00eancia com o Ministro da Integra\u00e7\u00e3o e do Desenvolvimento Regional, Waldez G\u00f3es, nesta segunda-feira, 17, em Bras\u00edlia, o Deputado Estadual Dr. Romualdo, junto com o Senador Veneziano Vital do R\u00eago, apresentou projetos para tornar alguns rios da regi\u00e3o do Cariri perenes, aumentando as possibilidades produtivas da regi\u00e3o.<\/p>\n<p><img fetchpriority=\"high\" decoding=\"async\" class=\"aligncenter wp-image-266656 size-large\" src=\"https:\/\/www.caririemacao.com\/1\/wp-content\/uploads\/2023\/04\/WhatsApp-Image-2023-04-17-at-16.10.46-1280x960.jpeg\" alt=\"\" width=\"790\" height=\"593\" srcset=\"https:\/\/www.caririemacao.com\/1\/wp-content\/uploads\/2023\/04\/WhatsApp-Image-2023-04-17-at-16.10.46-1280x960.jpeg 1280w, https:\/\/www.caririemacao.com\/1\/wp-content\/uploads\/2023\/04\/WhatsApp-Image-2023-04-17-at-16.10.46-300x225.jpeg 300w, https:\/\/www.caririemacao.com\/1\/wp-content\/uploads\/2023\/04\/WhatsApp-Image-2023-04-17-at-16.10.46-768x576.jpeg 768w, https:\/\/www.caririemacao.com\/1\/wp-content\/uploads\/2023\/04\/WhatsApp-Image-2023-04-17-at-16.10.46-1536x1152.jpeg 1536w, https:\/\/www.caririemacao.com\/1\/wp-content\/uploads\/2023\/04\/WhatsApp-Image-2023-04-17-at-16.10.46.jpeg 1600w\" sizes=\"(max-width: 790px) 100vw, 790px\" \/><\/p>\n<p>Entre as demandas est\u00e3o a liga\u00e7\u00e3o do a\u00e7ude de Po\u00e7\u00f5es em Monteiro ao de Sum\u00e9, algo que seria determinante para produ\u00e7\u00e3o de subsist\u00eancia ao longo do Rio Sucuru; al\u00e9m da pereniza\u00e7\u00e3o dos Rios Tapero\u00e1 e Espinho (este pautado pelo prefeito de Camala\u00fa Bira Mariano).<\/p>\n<p>\u201cEstou me colocando como interlocutor do Cariri, por morar na regi\u00e3o e conhecer a realidade. Al\u00e9m disso, \u00e9 necess\u00e1rio aproveitar que o Presidente Lula voltou a abrir as portas do governo federal para o Nordeste\u201d, destacou o m\u00e9dico caririzeiro.<\/p>\n<p>Al\u00e9m de Dr. Romualdo, e do Senador Veneziano Vital do R\u00eago, participou da audi\u00eancia o Deputado Estadual Taciano Diniz, que apresentou demandas do sert\u00e3o do sert\u00e3o da Para\u00edba. Novas agendas j\u00e1 est\u00e3o marcadas durante a semana em Bras\u00edlia.<\/p>\n","protected":false},"excerpt":{"rendered":"<p>Em audi\u00eancia com o Ministro da Integra\u00e7\u00e3o e do Desenvolvimento Regional, Waldez G\u00f3es, nesta segunda-feira, 17, em Bras\u00edlia, o Deputado Estadual Dr. Romualdo, junto com&hellip; <\/p>\n","protected":false},"author":6,"featured_media":266676,"comment_status":"closed","ping_status":"closed","sticky":false,"template":"","format":"standard","meta":{"sfsi_plus_gutenberg_text_before_share":"","sfsi_plus_gutenberg_show_text_before_share":"","sfsi_plus_gutenberg_icon_type":"","sfsi_plus_gutenberg_icon_alignemt":"","sfsi_plus_gutenburg_max_per_row":"","footnotes":""},"categories":[106],"tags":[],"class_list":["post-266655","post","type-post","status-publish","format-standard","has-post-thumbnail","hentry","category-cariri"],"_links":{"self":[{"href":"https:\/\/www.caririemacao.com\/1\/wp-json\/wp\/v2\/posts\/266655","targetHints":{"allow":["GET"]}}],"collection":[{"href":"https:\/\/www.caririemacao.com\/1\/wp-json\/wp\/v2\/posts"}],"about":[{"href":"https:\/\/www.caririemacao.com\/1\/wp-json\/wp\/v2\/types\/post"}],"author":[{"embeddable":true,"href":"https:\/\/www.caririemacao.com\/1\/wp-json\/wp\/v2\/users\/6"}],"replies":[{"embeddable":true,"href":"https:\/\/www.caririemacao.com\/1\/wp-json\/wp\/v2\/comments?post=266655"}],"version-history":[{"count":3,"href":"https:\/\/www.caririemacao.com\/1\/wp-json\/wp\/v2\/posts\/266655\/revisions"}],"predecessor-version":[{"id":266660,"href":"https:\/\/www.caririemacao.com\/1\/wp-json\/wp\/v2\/posts\/266655\/revisions\/266660"}],"wp:featuredmedia":[{"embeddable":true,"href":"https:\/\/www.caririemacao.com\/1\/wp-json\/wp\/v2\/media\/266676"}],"wp:attachment":[{"href":"https:\/\/www.caririemacao.com\/1\/wp-json\/wp\/v2\/media?parent=266655"}],"wp:term":[{"taxonomy":"category","embeddable":true,"href":"https:\/\/www.caririemacao.com\/1\/wp-json\/wp\/v2\/categories?post=266655"},{"taxonomy":"post_tag","embeddable":true,"href":"https:\/\/www.caririemacao.com\/1\/wp-json\/wp\/v2\/tags?post=266655"}],"curies":[{"name":"wp","href":"https:\/\/api.w.org\/{rel}","templated":true}]}}