{"id":266661,"date":"2023-04-17T16:47:04","date_gmt":"2023-04-17T19:47:04","guid":{"rendered":"https:\/\/www.caririemacao.com\/1\/?p=266661"},"modified":"2023-04-17T16:50:58","modified_gmt":"2023-04-17T19:50:58","slug":"o-prefeito-adriano-wolff-participa-de-evento-do-psb-mas-continua-no-uniao-brasil","status":"publish","type":"post","link":"https:\/\/www.caririemacao.com\/1\/2023\/04\/17\/o-prefeito-adriano-wolff-participa-de-evento-do-psb-mas-continua-no-uniao-brasil\/","title":{"rendered":"O prefeito Adriano Wolff participa de evento do PSB, mas, continua no Uni\u00e3o Brasil"},"content":{"rendered":"<p style=\"text-align: justify;\">Nesta segunda-feira (17), em\u00a0Jo\u00e3o Pessoa ocorreu a\u00a0posse do novo diret\u00f3rio estadual do PSB. Na ocasi\u00e3o, 73 prefeitos paraibanos que se integraram ao partido.<\/p>\n<p style=\"text-align: justify;\">Como deixei claro em entrevista o prefeito Adriano Wolff de S\u00e3o Sebasti\u00e3o do Umbuzeiro, participou do evento, mas, em forma de apoio aos colegas prefeitos que se filiaram a nova legenda.<\/p>\n<p style=\"text-align: justify;\">\u00a0O prefeito Adriano, refor\u00e7a que permanece nos quadros do Uni\u00e3o Brasil.<\/p>\n<p style=\"text-align: justify;\">\u201cFomos convidados, ainda n\u00e3o \u00e9 o momento. Estamos prestigiando nossos colegas prefeitos, a diretoria do PSB e o Governador Jo\u00e3o Azevedo\u201d, explicou o prefeito do Uni\u00e3o Brasil.<\/p>\n<p style=\"text-align: justify;\">O prefeito ainda lembrou de sua hist\u00f3ria com a legenda. \u201cN\u00f3s temos uma hist\u00f3ria, quem vem com os Democratas, hoje, Uni\u00e3o Brasil. O governador entendeu e respeitou quando fez esse convite a gente\u201d, completou Adriano Wolff.<\/p>\n<p>&nbsp;<\/p>\n<p style=\"text-align: justify;\"><strong>CARIRI EM A\u00c7\u00c3O<\/strong><\/p>\n","protected":false},"excerpt":{"rendered":"<p>Nesta segunda-feira (17), em\u00a0Jo\u00e3o Pessoa ocorreu a\u00a0posse do novo diret\u00f3rio estadual do PSB. Na ocasi\u00e3o, 73 prefeitos paraibanos que se integraram ao partido. Como deixei&hellip; <\/p>\n","protected":false},"author":6,"featured_media":264420,"comment_status":"closed","ping_status":"closed","sticky":false,"template":"","format":"standard","meta":{"sfsi_plus_gutenberg_text_before_share":"","sfsi_plus_gutenberg_show_text_before_share":"","sfsi_plus_gutenberg_icon_type":"","sfsi_plus_gutenberg_icon_alignemt":"","sfsi_plus_gutenburg_max_per_row":"","footnotes":""},"categories":[92],"tags":[],"class_list":["post-266661","post","type-post","status-publish","format-standard","has-post-thumbnail","hentry","category-sao-sebastiao-do-umbuzeiro"],"_links":{"self":[{"href":"https:\/\/www.caririemacao.com\/1\/wp-json\/wp\/v2\/posts\/266661","targetHints":{"allow":["GET"]}}],"collection":[{"href":"https:\/\/www.caririemacao.com\/1\/wp-json\/wp\/v2\/posts"}],"about":[{"href":"https:\/\/www.caririemacao.com\/1\/wp-json\/wp\/v2\/types\/post"}],"author":[{"embeddable":true,"href":"https:\/\/www.caririemacao.com\/1\/wp-json\/wp\/v2\/users\/6"}],"replies":[{"embeddable":true,"href":"https:\/\/www.caririemacao.com\/1\/wp-json\/wp\/v2\/comments?post=266661"}],"version-history":[{"count":2,"href":"https:\/\/www.caririemacao.com\/1\/wp-json\/wp\/v2\/posts\/266661\/revisions"}],"predecessor-version":[{"id":266663,"href":"https:\/\/www.caririemacao.com\/1\/wp-json\/wp\/v2\/posts\/266661\/revisions\/266663"}],"wp:featuredmedia":[{"embeddable":true,"href":"https:\/\/www.caririemacao.com\/1\/wp-json\/wp\/v2\/media\/264420"}],"wp:attachment":[{"href":"https:\/\/www.caririemacao.com\/1\/wp-json\/wp\/v2\/media?parent=266661"}],"wp:term":[{"taxonomy":"category","embeddable":true,"href":"https:\/\/www.caririemacao.com\/1\/wp-json\/wp\/v2\/categories?post=266661"},{"taxonomy":"post_tag","embeddable":true,"href":"https:\/\/www.caririemacao.com\/1\/wp-json\/wp\/v2\/tags?post=266661"}],"curies":[{"name":"wp","href":"https:\/\/api.w.org\/{rel}","templated":true}]}}