{"id":269086,"date":"2023-05-30T09:49:05","date_gmt":"2023-05-30T12:49:05","guid":{"rendered":"https:\/\/www.caririemacao.com\/1\/?p=269086"},"modified":"2023-05-30T09:49:05","modified_gmt":"2023-05-30T12:49:05","slug":"informe-publicitario-secretaria-de-saude-de-sume-encerra-o-mes-de-maio-com-dia-de-multivacinacao-na-praca","status":"publish","type":"post","link":"https:\/\/www.caririemacao.com\/1\/2023\/05\/30\/informe-publicitario-secretaria-de-saude-de-sume-encerra-o-mes-de-maio-com-dia-de-multivacinacao-na-praca\/","title":{"rendered":"INFORME PUBLICIT\u00c1RIO: Secretaria de Sa\u00fade de Sum\u00e9 encerra o m\u00eas de maio com dia de multivacina\u00e7\u00e3o na pra\u00e7a"},"content":{"rendered":"<p>Ter\u00e7a-feira, 30, a Secretaria Municipal de Sa\u00fade vai realizar mais um dia de Multivacina\u00e7\u00e3o. Desta vez ser\u00e1 na Pra\u00e7a Jos\u00e9 Am\u00e9rico, no centro da cidade das 16h30 \u00e0s 20h.<\/p>\n<p>Na a\u00e7\u00e3o que se chama \u201cSa\u00fade na Pra\u00e7a\u201d, ser\u00e3o ofertadas as vacinas contra Influenza\/gripe, contra Covid19 e Covid19 Bivalente, al\u00e9m das vacinas de rotina.<\/p>\n<p>Influenza\/gripe ser\u00e1 aplicada APENAS no p\u00fablico priorit\u00e1rio:<\/p>\n<p>\u00b7\u00a0\u00a0\u00a0\u00a0\u00a0\u00a0\u00a0\u00a0Idosos com 60 anos ou mais;<\/p>\n<p>\u00b7\u00a0\u00a0\u00a0\u00a0\u00a0\u00a0\u00a0\u00a0Trabalhadores da Sa\u00fade;<\/p>\n<p>\u00b7\u00a0\u00a0\u00a0\u00a0\u00a0\u00a0\u00a0\u00a0Crian\u00e7as (6 meses a 5 anos 11 meses e 29 dias);<\/p>\n<p>\u00b7\u00a0\u00a0\u00a0\u00a0\u00a0\u00a0\u00a0\u00a0Gestantes e Pu\u00e9rperas;<\/p>\n<p>\u00b7\u00a0\u00a0\u00a0\u00a0\u00a0\u00a0\u00a0\u00a0Povos Ind\u00edgenas;<\/p>\n<p>\u00b7\u00a0\u00a0\u00a0\u00a0\u00a0\u00a0\u00a0\u00a0Professores;<\/p>\n<p>\u00b7\u00a0\u00a0\u00a0\u00a0\u00a0\u00a0\u00a0\u00a0Pessoas com comorbidades;<\/p>\n<p>\u00b7\u00a0\u00a0\u00a0\u00a0\u00a0\u00a0\u00a0\u00a0Pessoas com defici\u00eancia permanente;<\/p>\n<p>\u00b7\u00a0\u00a0\u00a0\u00a0\u00a0\u00a0\u00a0\u00a0Caminhoneiros;<\/p>\n<p>\u00b7\u00a0\u00a0\u00a0\u00a0\u00a0\u00a0\u00a0\u00a0Trabalhadores de transporte coletivo.<\/p>\n<p>A vacina\u00e7\u00e3o contra a Covid19, qualquer dose, ser\u00e1 para todas as idades. J\u00e1 a vacina contra Covid19 Bivalente somente ser\u00e1 aplicada APENAS em quem tem 18 anos completos ou mais.<\/p>\n<p>E ainda, haver\u00e1 vacina de rotina para que o p\u00fablico em geral, de todas as idades, possa atualizar a caderneta de vacina\u00e7\u00e3o.<\/p>\n<p>No caso da crian\u00e7a e do adolescente, deve estar acompanhada do pai, m\u00e3e ou respons\u00e1vel e levar a caderneta de vacina\u00e7\u00e3o. J\u00e1 o adulto, deve levar cart\u00e3o de vacina, cart\u00e3o da Covid, cart\u00e3o do SUS e CPF.<\/p>\n<div class=\"wp-block-image\">\n<figure class=\"aligncenter\"><a href=\"https:\/\/i0.wp.com\/blogger.googleusercontent.com\/img\/b\/R29vZ2xl\/AVvXsEgECxU1SHpu3MF5CWPGUNC2N5g0qNKNUMAns8kKSkFP8eB4e5LM6ICKuyg9ceRa52gP6OGwYzkmPUuF9qIealmRtL-PiC46COXXviNXPKCQWmYc0rJYPN4UANJss-XOKMFCTqGN_5s9aT_pFULhJYVl2epvrWnQQocZRPhRoLgd5JNHJ-fC-dyMP6SLVw\/s1080\/LOGO.jpeg?ssl=1\"><img decoding=\"async\" class=\"aligncenter\" src=\"https:\/\/i0.wp.com\/blogger.googleusercontent.com\/img\/b\/R29vZ2xl\/AVvXsEgECxU1SHpu3MF5CWPGUNC2N5g0qNKNUMAns8kKSkFP8eB4e5LM6ICKuyg9ceRa52gP6OGwYzkmPUuF9qIealmRtL-PiC46COXXviNXPKCQWmYc0rJYPN4UANJss-XOKMFCTqGN_5s9aT_pFULhJYVl2epvrWnQQocZRPhRoLgd5JNHJ-fC-dyMP6SLVw\/w200-h200\/LOGO.jpeg?w=2560&amp;ssl=1\" alt=\"\" width=\"200\" height=\"200\" \/><\/a><\/figure>\n<\/div>\n","protected":false},"excerpt":{"rendered":"<p>Ter\u00e7a-feira, 30, a Secretaria Municipal de Sa\u00fade vai realizar mais um dia de Multivacina\u00e7\u00e3o. Desta vez ser\u00e1 na Pra\u00e7a Jos\u00e9 Am\u00e9rico, no centro da cidade das 16h30 \u00e0s 20h. Na a\u00e7\u00e3o que se chama \u201cSa\u00fade na Pra\u00e7a\u201d, ser\u00e3o ofertadas as vacinas contra Influenza\/gripe, contra Covid19 e Covid19 Bivalente, al\u00e9m das vacinas de rotina. Influenza\/gripe ser\u00e1 aplicada APENAS no p\u00fablico priorit\u00e1rio: \u00b7\u00a0\u00a0\u00a0\u00a0\u00a0\u00a0\u00a0\u00a0Idosos com 60 anos ou mais; \u00b7\u00a0\u00a0\u00a0\u00a0\u00a0\u00a0\u00a0\u00a0Trabalhadores da Sa\u00fade; \u00b7\u00a0\u00a0\u00a0\u00a0\u00a0\u00a0\u00a0\u00a0Crian\u00e7as (6 meses a 5 anos 11 meses e 29 dias); \u00b7\u00a0\u00a0\u00a0\u00a0\u00a0\u00a0\u00a0\u00a0Gestantes e Pu\u00e9rperas; \u00b7\u00a0\u00a0\u00a0\u00a0\u00a0\u00a0\u00a0\u00a0Povos Ind\u00edgenas; \u00b7\u00a0\u00a0\u00a0\u00a0\u00a0\u00a0\u00a0\u00a0Professores; \u00b7\u00a0\u00a0\u00a0\u00a0\u00a0\u00a0\u00a0\u00a0Pessoas com comorbidades; \u00b7\u00a0\u00a0\u00a0\u00a0\u00a0\u00a0\u00a0\u00a0Pessoas com defici\u00eancia permanente; \u00b7\u00a0\u00a0\u00a0\u00a0\u00a0\u00a0\u00a0\u00a0Caminhoneiros; \u00b7\u00a0\u00a0\u00a0\u00a0\u00a0\u00a0\u00a0\u00a0Trabalhadores de transporte coletivo. A vacina\u00e7\u00e3o contra a Covid19, qualquer dose, ser\u00e1 para todas as idades. J\u00e1 a vacina contra Covid19 Bivalente somente ser\u00e1 aplicada APENAS em quem tem 18 anos completos ou mais. E ainda, haver\u00e1 vacina de rotina para que o p\u00fablico em geral, de todas as idades, possa atualizar a caderneta de vacina\u00e7\u00e3o. No caso da crian\u00e7a e do adolescente, deve estar acompanhada do pai, m\u00e3e ou respons\u00e1vel e levar a caderneta de vacina\u00e7\u00e3o. J\u00e1 o adulto, deve levar cart\u00e3o de vacina, cart\u00e3o da Covid, cart\u00e3o do SUS e CPF.<\/p>\n","protected":false},"author":6,"featured_media":269087,"comment_status":"closed","ping_status":"closed","sticky":false,"template":"","format":"standard","meta":{"sfsi_plus_gutenberg_text_before_share":"","sfsi_plus_gutenberg_show_text_before_share":"","sfsi_plus_gutenberg_icon_type":"","sfsi_plus_gutenberg_icon_alignemt":"","sfsi_plus_gutenburg_max_per_row":"","footnotes":""},"categories":[95],"tags":[],"class_list":["post-269086","post","type-post","status-publish","format-standard","has-post-thumbnail","hentry","category-sume"],"_links":{"self":[{"href":"https:\/\/www.caririemacao.com\/1\/wp-json\/wp\/v2\/posts\/269086","targetHints":{"allow":["GET"]}}],"collection":[{"href":"https:\/\/www.caririemacao.com\/1\/wp-json\/wp\/v2\/posts"}],"about":[{"href":"https:\/\/www.caririemacao.com\/1\/wp-json\/wp\/v2\/types\/post"}],"author":[{"embeddable":true,"href":"https:\/\/www.caririemacao.com\/1\/wp-json\/wp\/v2\/users\/6"}],"replies":[{"embeddable":true,"href":"https:\/\/www.caririemacao.com\/1\/wp-json\/wp\/v2\/comments?post=269086"}],"version-history":[{"count":1,"href":"https:\/\/www.caririemacao.com\/1\/wp-json\/wp\/v2\/posts\/269086\/revisions"}],"predecessor-version":[{"id":269088,"href":"https:\/\/www.caririemacao.com\/1\/wp-json\/wp\/v2\/posts\/269086\/revisions\/269088"}],"wp:featuredmedia":[{"embeddable":true,"href":"https:\/\/www.caririemacao.com\/1\/wp-json\/wp\/v2\/media\/269087"}],"wp:attachment":[{"href":"https:\/\/www.caririemacao.com\/1\/wp-json\/wp\/v2\/media?parent=269086"}],"wp:term":[{"taxonomy":"category","embeddable":true,"href":"https:\/\/www.caririemacao.com\/1\/wp-json\/wp\/v2\/categories?post=269086"},{"taxonomy":"post_tag","embeddable":true,"href":"https:\/\/www.caririemacao.com\/1\/wp-json\/wp\/v2\/tags?post=269086"}],"curies":[{"name":"wp","href":"https:\/\/api.w.org\/{rel}","templated":true}]}}