{"id":269294,"date":"2023-06-02T15:41:02","date_gmt":"2023-06-02T18:41:02","guid":{"rendered":"https:\/\/www.caririemacao.com\/1\/?p=269294"},"modified":"2023-06-02T15:41:02","modified_gmt":"2023-06-02T18:41:02","slug":"decisao-juiza-proibe-atividades-recreativas-com-bodes-durante-a-festa-do-bode-rei-em-cabaceiras","status":"publish","type":"post","link":"https:\/\/www.caririemacao.com\/1\/2023\/06\/02\/decisao-juiza-proibe-atividades-recreativas-com-bodes-durante-a-festa-do-bode-rei-em-cabaceiras\/","title":{"rendered":"DECIS\u00c3O: Ju\u00edza pro\u00edbe atividades recreativas com bodes durante a Festa do Bode Rei, em Cabaceiras"},"content":{"rendered":"<p>A ju\u00edza Adriana Maranh\u00e3o da Silva, da Vara \u00danica de Boqueir\u00e3o, proibiu nesta sexta-feira (02), a utiliza\u00e7\u00e3o de bodes como entretenimento humano durante a festa do \u2018Bode Rei\u2019, em Cabaceiras, neste fim de semana.<\/p>\n<p>A magistrada atendeu a um pedido do Instituto Protecionista SOS Animais e Plantas. A multa caso haja descumprimento por parte da Prefeitura \u00e9 de R$ 200.000,00 a R$ 1.000.000,00.<\/p>\n<p>A decis\u00e3o pro\u00edbe a divulga\u00e7\u00e3o, financiamento, organiza\u00e7\u00e3o, apoio ou permiss\u00e3o ativa ou passiva de realiza\u00e7\u00e3o de atividades como o \u201cpega de bode\u201d, \u201cf\u00f3rmula bode\u201d, \u201cbode no sebo\u201d e \u201cfutbode\u201d ou qualquer outro qualquer outra que \u00a0envolva a utiliza\u00e7\u00e3o de caprinos em disputas de velocidade, destreza, per\u00edcia ou cong\u00eaneres, com ou sem montaria de humanos.<\/p>\n<p>A ju\u00edza sugere que as atra\u00e7\u00f5es podem ser realizadas, desde que n\u00e3o participem os animais em quest\u00e3o, podendo ser substitu\u00eddos por bonecos ou outros seres inanimados.<\/p>\n<p>Com base na decis\u00e3o, tamb\u00e9m determinou a notifica\u00e7\u00e3o das pol\u00edcias Civil e Militar para cumprimento da ordem que valem para pessoas f\u00edsicas e jur\u00eddicas.<\/p>\n<p>&nbsp;<\/p>\n<p><em>Mais PB<\/em><\/p>\n","protected":false},"excerpt":{"rendered":"<p>A ju\u00edza Adriana Maranh\u00e3o da Silva, da Vara \u00danica de Boqueir\u00e3o, proibiu nesta sexta-feira (02), a utiliza\u00e7\u00e3o de bodes como entretenimento humano durante a festa do \u2018Bode Rei\u2019, em Cabaceiras, neste fim de semana. A magistrada atendeu a um pedido do Instituto Protecionista SOS Animais e Plantas. A multa caso haja descumprimento por parte da Prefeitura \u00e9 de R$ 200.000,00 a R$ 1.000.000,00. A decis\u00e3o pro\u00edbe a divulga\u00e7\u00e3o, financiamento, organiza\u00e7\u00e3o, apoio ou permiss\u00e3o ativa ou passiva de realiza\u00e7\u00e3o de atividades como o \u201cpega de bode\u201d, \u201cf\u00f3rmula bode\u201d, \u201cbode no sebo\u201d e \u201cfutbode\u201d ou qualquer outro qualquer outra que \u00a0envolva a utiliza\u00e7\u00e3o de caprinos em disputas de velocidade, destreza, per\u00edcia ou cong\u00eaneres, com ou sem montaria de humanos. A ju\u00edza sugere que as atra\u00e7\u00f5es podem ser realizadas, desde que n\u00e3o participem os animais em quest\u00e3o, podendo ser substitu\u00eddos por bonecos ou outros seres inanimados. Com base na decis\u00e3o, tamb\u00e9m determinou a notifica\u00e7\u00e3o das pol\u00edcias Civil e Militar para cumprimento da ordem que valem para pessoas f\u00edsicas e jur\u00eddicas. &nbsp; Mais PB<\/p>\n","protected":false},"author":6,"featured_media":269295,"comment_status":"closed","ping_status":"closed","sticky":false,"template":"","format":"standard","meta":{"sfsi_plus_gutenberg_text_before_share":"","sfsi_plus_gutenberg_show_text_before_share":"","sfsi_plus_gutenberg_icon_type":"","sfsi_plus_gutenberg_icon_alignemt":"","sfsi_plus_gutenburg_max_per_row":"","footnotes":""},"categories":[70],"tags":[],"class_list":["post-269294","post","type-post","status-publish","format-standard","has-post-thumbnail","hentry","category-cabaceiras"],"_links":{"self":[{"href":"https:\/\/www.caririemacao.com\/1\/wp-json\/wp\/v2\/posts\/269294","targetHints":{"allow":["GET"]}}],"collection":[{"href":"https:\/\/www.caririemacao.com\/1\/wp-json\/wp\/v2\/posts"}],"about":[{"href":"https:\/\/www.caririemacao.com\/1\/wp-json\/wp\/v2\/types\/post"}],"author":[{"embeddable":true,"href":"https:\/\/www.caririemacao.com\/1\/wp-json\/wp\/v2\/users\/6"}],"replies":[{"embeddable":true,"href":"https:\/\/www.caririemacao.com\/1\/wp-json\/wp\/v2\/comments?post=269294"}],"version-history":[{"count":1,"href":"https:\/\/www.caririemacao.com\/1\/wp-json\/wp\/v2\/posts\/269294\/revisions"}],"predecessor-version":[{"id":269296,"href":"https:\/\/www.caririemacao.com\/1\/wp-json\/wp\/v2\/posts\/269294\/revisions\/269296"}],"wp:featuredmedia":[{"embeddable":true,"href":"https:\/\/www.caririemacao.com\/1\/wp-json\/wp\/v2\/media\/269295"}],"wp:attachment":[{"href":"https:\/\/www.caririemacao.com\/1\/wp-json\/wp\/v2\/media?parent=269294"}],"wp:term":[{"taxonomy":"category","embeddable":true,"href":"https:\/\/www.caririemacao.com\/1\/wp-json\/wp\/v2\/categories?post=269294"},{"taxonomy":"post_tag","embeddable":true,"href":"https:\/\/www.caririemacao.com\/1\/wp-json\/wp\/v2\/tags?post=269294"}],"curies":[{"name":"wp","href":"https:\/\/api.w.org\/{rel}","templated":true}]}}