{"id":269300,"date":"2023-06-02T17:45:28","date_gmt":"2023-06-02T20:45:28","guid":{"rendered":"https:\/\/www.caririemacao.com\/1\/?p=269300"},"modified":"2023-06-02T17:45:28","modified_gmt":"2023-06-02T20:45:28","slug":"vereadores-de-amparo-participaram-de-mais-uma-sessao","status":"publish","type":"post","link":"https:\/\/www.caririemacao.com\/1\/2023\/06\/02\/vereadores-de-amparo-participaram-de-mais-uma-sessao\/","title":{"rendered":"Vereadores de Amparo participaram de mais uma sess\u00e3o"},"content":{"rendered":"<div>Aconteceu na noite dessa quinta-feira (01), mais uma sess\u00e3o na C\u00e2mara de Vereadores de Amparo com a presen\u00e7a dos vereadores Fl\u00e1vio Messias, Eduardo Cabral, Edvaldo Divino, Sicl\u00e1udia Maciel e Lucas Maciel.<\/div>\n<div><\/div>\n<div>A sess\u00e3o foi aberta pelo presidente da casa, que passou para o vice-presidente para leitura da ata da \u00faltima sess\u00e3o.<\/div>\n<div><\/div>\n<div>Na pauta do dia, apenas a vota\u00e7\u00e3o da LDO para 2024 que como n\u00e3o tinha um n\u00famero de vereadores suficientes para vota\u00e7\u00e3o, esse projeto ser\u00e1 votado em uma pr\u00f3xima sess\u00e3o.<\/div>\n<div><\/div>\n<div>No grande expediente, os vereadores comentaram sobre assuntos de interesse da popula\u00e7\u00e3o.<\/div>\n<div><\/div>\n<div>Para acompanhar a sess\u00e3o novamente,\u00a0<a href=\"https:\/\/fb.watch\/kVKNknmufw\/\" target=\"_blank\" rel=\"noopener\">clique aqui.<\/a><\/div>\n<div><\/div>\n<div>\n<div class=\"separator\"><a href=\"https:\/\/blogger.googleusercontent.com\/img\/b\/R29vZ2xl\/AVvXsEhrNoTCbbeL_c5A75KOUdidfYby7jDldy2BNGnzmRbYBS6i5WNydld3pKJAEjYpQwJe3UMzfSMIGibsRTStRM69n_ykQerbZBGbuVxCoFc78e5Uay40_WMvAFgvwmPriVaKzNKntpIEbEG4d2wp5ARk1jF9KN3RAdvxKXmvLpC6qZJthgvm9pdusaasbw\/s1000\/C%C3%82MARA%20DE%20VEREADORES%20DE%20AMPARO-PB%20(1).JPG\"><img fetchpriority=\"high\" decoding=\"async\" src=\"https:\/\/blogger.googleusercontent.com\/img\/b\/R29vZ2xl\/AVvXsEhrNoTCbbeL_c5A75KOUdidfYby7jDldy2BNGnzmRbYBS6i5WNydld3pKJAEjYpQwJe3UMzfSMIGibsRTStRM69n_ykQerbZBGbuVxCoFc78e5Uay40_WMvAFgvwmPriVaKzNKntpIEbEG4d2wp5ARk1jF9KN3RAdvxKXmvLpC6qZJthgvm9pdusaasbw\/w640-h424\/C%C3%82MARA%20DE%20VEREADORES%20DE%20AMPARO-PB%20(1).JPG\" width=\"640\" height=\"424\" border=\"0\" data-original-height=\"662\" data-original-width=\"1000\" \/><\/a><\/div>\n<div class=\"separator\"><a href=\"https:\/\/blogger.googleusercontent.com\/img\/b\/R29vZ2xl\/AVvXsEhW59puUxE7iuSilqBgC9v2sEf7OGvXJ6QUwcX9YWRFhCxYkjrHb6ypYe5g2SMOxy7fDDw8Xixv2huGFuT0yv3OIGUSEPvQE19tupiM3heg02XrAvLUuf5I2eK5C4JQh6MWlWnJghOy5DNbnwUWXTjSUACzDHZXi4ON0eGgTNEvJBfJhduurcFRf0OMlg\/s1000\/C%C3%82MARA%20DE%20VEREADORES%20DE%20AMPARO-PB%20(4).JPG\"><img decoding=\"async\" src=\"https:\/\/blogger.googleusercontent.com\/img\/b\/R29vZ2xl\/AVvXsEhW59puUxE7iuSilqBgC9v2sEf7OGvXJ6QUwcX9YWRFhCxYkjrHb6ypYe5g2SMOxy7fDDw8Xixv2huGFuT0yv3OIGUSEPvQE19tupiM3heg02XrAvLUuf5I2eK5C4JQh6MWlWnJghOy5DNbnwUWXTjSUACzDHZXi4ON0eGgTNEvJBfJhduurcFRf0OMlg\/w640-h424\/C%C3%82MARA%20DE%20VEREADORES%20DE%20AMPARO-PB%20(4).JPG\" width=\"640\" height=\"424\" border=\"0\" data-original-height=\"662\" data-original-width=\"1000\" \/><\/a><\/div>\n<div class=\"separator\"><a href=\"https:\/\/blogger.googleusercontent.com\/img\/b\/R29vZ2xl\/AVvXsEiW6GemN6sPb-vZccaVimDo1fue5n5LCdzu8xb8g6YEsolMjt8s7LfS4d6AprorrPWzS3n0bN5y2MLe5arCZxGvjk8O6LBM-AL_ajQ-4HNW2i0StYxdlIqE-KL0C4_u041IdIZTYW9IzN-m-Z16v2ClR53iVYzcAqGLXMBNKSc9-_REfoTcrnF299di9w\/s1000\/C%C3%82MARA%20DE%20VEREADORES%20DE%20AMPARO-PB%20(5).JPG\"><img decoding=\"async\" src=\"https:\/\/blogger.googleusercontent.com\/img\/b\/R29vZ2xl\/AVvXsEiW6GemN6sPb-vZccaVimDo1fue5n5LCdzu8xb8g6YEsolMjt8s7LfS4d6AprorrPWzS3n0bN5y2MLe5arCZxGvjk8O6LBM-AL_ajQ-4HNW2i0StYxdlIqE-KL0C4_u041IdIZTYW9IzN-m-Z16v2ClR53iVYzcAqGLXMBNKSc9-_REfoTcrnF299di9w\/w640-h424\/C%C3%82MARA%20DE%20VEREADORES%20DE%20AMPARO-PB%20(5).JPG\" width=\"640\" height=\"424\" border=\"0\" data-original-height=\"662\" data-original-width=\"1000\" \/><\/a><\/div>\n<div class=\"separator\"><a href=\"https:\/\/blogger.googleusercontent.com\/img\/b\/R29vZ2xl\/AVvXsEj3UIHYow5qyU9sPoSaJNi1UYGt1bV61EW27CV2H2LKtS4SkGSB4fXq5NDjlkv1uq95ion70HM1I_3uVQW3dXSVrCXgrwcJ1fvSPDgeYoccGF-T2PZNdUcVzw9htkeyDkTdIzZuXllvIFFeJd8UaX9iTQl_-DZlP6Q3fazqJUGIp7Pw6HXBJzNDcqWK9A\/s1000\/C%C3%82MARA%20DE%20VEREADORES%20DE%20AMPARO-PB%20(8).JPG\"><img loading=\"lazy\" decoding=\"async\" src=\"https:\/\/blogger.googleusercontent.com\/img\/b\/R29vZ2xl\/AVvXsEj3UIHYow5qyU9sPoSaJNi1UYGt1bV61EW27CV2H2LKtS4SkGSB4fXq5NDjlkv1uq95ion70HM1I_3uVQW3dXSVrCXgrwcJ1fvSPDgeYoccGF-T2PZNdUcVzw9htkeyDkTdIzZuXllvIFFeJd8UaX9iTQl_-DZlP6Q3fazqJUGIp7Pw6HXBJzNDcqWK9A\/w640-h424\/C%C3%82MARA%20DE%20VEREADORES%20DE%20AMPARO-PB%20(8).JPG\" width=\"640\" height=\"424\" border=\"0\" data-original-height=\"662\" data-original-width=\"1000\" \/><\/a><\/div>\n<div class=\"separator\"><a href=\"https:\/\/blogger.googleusercontent.com\/img\/b\/R29vZ2xl\/AVvXsEg3VUX-UF9nZjWQ5RgKx1eBnQuP0mYv_wXdCYnfnIgELHoXd3mH_PHjHKLwN0OK8maV7F1VmkqOSrGuBs-0nTy1lXds7TfzWJmGbS2fnXf5e2K0YjMTKxfNYbqOulJLOcd91dcJmgF-tG9gguHK4Ew7e3tJcC3QAVvNF_Jm_186_VubxIs4TEFJcfyz9w\/s1000\/C%C3%82MARA%20DE%20VEREADORES%20DE%20AMPARO-PB%20(9).JPG\"><img loading=\"lazy\" decoding=\"async\" src=\"https:\/\/blogger.googleusercontent.com\/img\/b\/R29vZ2xl\/AVvXsEg3VUX-UF9nZjWQ5RgKx1eBnQuP0mYv_wXdCYnfnIgELHoXd3mH_PHjHKLwN0OK8maV7F1VmkqOSrGuBs-0nTy1lXds7TfzWJmGbS2fnXf5e2K0YjMTKxfNYbqOulJLOcd91dcJmgF-tG9gguHK4Ew7e3tJcC3QAVvNF_Jm_186_VubxIs4TEFJcfyz9w\/w640-h424\/C%C3%82MARA%20DE%20VEREADORES%20DE%20AMPARO-PB%20(9).JPG\" width=\"640\" height=\"424\" border=\"0\" data-original-height=\"662\" data-original-width=\"1000\" \/><\/a><\/div>\n<div class=\"separator\"><a href=\"https:\/\/blogger.googleusercontent.com\/img\/b\/R29vZ2xl\/AVvXsEio2escBhtcq8MkwJooBoB0CUFNEAFvpdJJwIsXVRO3RUXMbst91GUuiq_9Z6VayEmReNaLKVr-x4xZl1QeNPyXVje_X7VMo1jii6aFc2ILG6s8N5OduX4TcmwFE-N9Xi9-AeVJZm6H0j_jU4Ndk-YknOhDebJ0CGudLaeXyAuAi4hRpyM5wIqRM8fzYQ\/s1000\/C%C3%82MARA%20DE%20VEREADORES%20DE%20AMPARO-PB%20(11).JPG\"><img loading=\"lazy\" decoding=\"async\" src=\"https:\/\/blogger.googleusercontent.com\/img\/b\/R29vZ2xl\/AVvXsEio2escBhtcq8MkwJooBoB0CUFNEAFvpdJJwIsXVRO3RUXMbst91GUuiq_9Z6VayEmReNaLKVr-x4xZl1QeNPyXVje_X7VMo1jii6aFc2ILG6s8N5OduX4TcmwFE-N9Xi9-AeVJZm6H0j_jU4Ndk-YknOhDebJ0CGudLaeXyAuAi4hRpyM5wIqRM8fzYQ\/w640-h424\/C%C3%82MARA%20DE%20VEREADORES%20DE%20AMPARO-PB%20(11).JPG\" width=\"640\" height=\"424\" border=\"0\" data-original-height=\"662\" data-original-width=\"1000\" \/><\/a><\/div>\n<div class=\"separator\"><a href=\"https:\/\/blogger.googleusercontent.com\/img\/b\/R29vZ2xl\/AVvXsEhA2pKpDmQtWIvemfNKjo9zzCX2G223zmOENMbzFscYeP0rXr0qqleiw4UO_dbUuEotIpPNPfVEtYOmbCIZsa4Dn4gK7obs2R7jhVioQ0VTp5vpIVQE6V8mgvK_onH33U2SnL67qYcfHCq1cuucKou6uYLpTk4466btn6_u1qWB4yQi2qvH8Q_yyeaY2g\/s1000\/C%C3%82MARA%20DE%20VEREADORES%20DE%20AMPARO-PB%20(15).JPG\"><img loading=\"lazy\" decoding=\"async\" src=\"https:\/\/blogger.googleusercontent.com\/img\/b\/R29vZ2xl\/AVvXsEhA2pKpDmQtWIvemfNKjo9zzCX2G223zmOENMbzFscYeP0rXr0qqleiw4UO_dbUuEotIpPNPfVEtYOmbCIZsa4Dn4gK7obs2R7jhVioQ0VTp5vpIVQE6V8mgvK_onH33U2SnL67qYcfHCq1cuucKou6uYLpTk4466btn6_u1qWB4yQi2qvH8Q_yyeaY2g\/w640-h424\/C%C3%82MARA%20DE%20VEREADORES%20DE%20AMPARO-PB%20(15).JPG\" width=\"640\" height=\"424\" border=\"0\" data-original-height=\"662\" data-original-width=\"1000\" \/><\/a><\/div>\n<div class=\"separator\"><a href=\"https:\/\/blogger.googleusercontent.com\/img\/b\/R29vZ2xl\/AVvXsEjyNQI4Jv6FRpBHENASE7wrAKDrBGgCQA9WftDcmI7I7op0Zixz0CnGv7XFbHDFD7-pm1J-m-nMgQbxjrU3ds20fe_kwZ5oszM7OXR_gj77pG3jfh-G0hg506O4DmPaYOk2gmAmCYHx2v74bkPspKoRtsWVQe5nBfT-lX7qUeiS1zrCLYV78GNUQn_Tag\/s1000\/C%C3%82MARA%20DE%20VEREADORES%20DE%20AMPARO-PB%20(21).JPG\"><img loading=\"lazy\" decoding=\"async\" src=\"https:\/\/blogger.googleusercontent.com\/img\/b\/R29vZ2xl\/AVvXsEjyNQI4Jv6FRpBHENASE7wrAKDrBGgCQA9WftDcmI7I7op0Zixz0CnGv7XFbHDFD7-pm1J-m-nMgQbxjrU3ds20fe_kwZ5oszM7OXR_gj77pG3jfh-G0hg506O4DmPaYOk2gmAmCYHx2v74bkPspKoRtsWVQe5nBfT-lX7qUeiS1zrCLYV78GNUQn_Tag\/w640-h424\/C%C3%82MARA%20DE%20VEREADORES%20DE%20AMPARO-PB%20(21).JPG\" width=\"640\" height=\"424\" border=\"0\" data-original-height=\"662\" data-original-width=\"1000\" \/><\/a><\/div>\n<div class=\"separator\"><a href=\"https:\/\/blogger.googleusercontent.com\/img\/b\/R29vZ2xl\/AVvXsEhcGoU091DAqgGjFKafTybRhvfSm5e4hToc-IcEvBB_M59RFG4L60xEhceH61tARgF41kKmHmx1GOkgD-Ecj7hVJqdt0YbRJZhJxX7sg1861gQzHYq0y8yqn9cA4ZP9DsMRErVJxqin8FE-WdYFGyMYrQx1UXVxprk6JUwE74AOwuBkdv5V19ex5s936A\/s1000\/C%C3%82MARA%20DE%20VEREADORES%20DE%20AMPARO-PB%20(27).JPG\"><img loading=\"lazy\" decoding=\"async\" src=\"https:\/\/blogger.googleusercontent.com\/img\/b\/R29vZ2xl\/AVvXsEhcGoU091DAqgGjFKafTybRhvfSm5e4hToc-IcEvBB_M59RFG4L60xEhceH61tARgF41kKmHmx1GOkgD-Ecj7hVJqdt0YbRJZhJxX7sg1861gQzHYq0y8yqn9cA4ZP9DsMRErVJxqin8FE-WdYFGyMYrQx1UXVxprk6JUwE74AOwuBkdv5V19ex5s936A\/w640-h424\/C%C3%82MARA%20DE%20VEREADORES%20DE%20AMPARO-PB%20(27).JPG\" width=\"640\" height=\"424\" border=\"0\" data-original-height=\"662\" data-original-width=\"1000\" \/><\/a><\/div>\n<\/div>\n<div><\/div>\n<div><\/div>\n<div>Amparo Ligado<\/div>\n","protected":false},"excerpt":{"rendered":"<p>Aconteceu na noite dessa quinta-feira (01), mais uma sess\u00e3o na C\u00e2mara de Vereadores de Amparo com a presen\u00e7a dos vereadores Fl\u00e1vio Messias, Eduardo Cabral, Edvaldo Divino, Sicl\u00e1udia Maciel e Lucas Maciel. A sess\u00e3o foi aberta pelo presidente da casa, que passou para o vice-presidente para leitura da ata da \u00faltima sess\u00e3o. Na pauta do dia, apenas a vota\u00e7\u00e3o da LDO para 2024 que como n\u00e3o tinha um n\u00famero de vereadores suficientes para vota\u00e7\u00e3o, esse projeto ser\u00e1 votado em uma pr\u00f3xima sess\u00e3o. No grande expediente, os vereadores comentaram sobre assuntos de interesse da popula\u00e7\u00e3o. Para acompanhar a sess\u00e3o novamente,\u00a0clique aqui. Amparo Ligado<\/p>\n","protected":false},"author":6,"featured_media":269301,"comment_status":"closed","ping_status":"closed","sticky":false,"template":"","format":"standard","meta":{"sfsi_plus_gutenberg_text_before_share":"","sfsi_plus_gutenberg_show_text_before_share":"","sfsi_plus_gutenberg_icon_type":"","sfsi_plus_gutenberg_icon_alignemt":"","sfsi_plus_gutenburg_max_per_row":"","footnotes":""},"categories":[1],"tags":[],"class_list":["post-269300","post","type-post","status-publish","format-standard","has-post-thumbnail","hentry","category-o-site"],"_links":{"self":[{"href":"https:\/\/www.caririemacao.com\/1\/wp-json\/wp\/v2\/posts\/269300","targetHints":{"allow":["GET"]}}],"collection":[{"href":"https:\/\/www.caririemacao.com\/1\/wp-json\/wp\/v2\/posts"}],"about":[{"href":"https:\/\/www.caririemacao.com\/1\/wp-json\/wp\/v2\/types\/post"}],"author":[{"embeddable":true,"href":"https:\/\/www.caririemacao.com\/1\/wp-json\/wp\/v2\/users\/6"}],"replies":[{"embeddable":true,"href":"https:\/\/www.caririemacao.com\/1\/wp-json\/wp\/v2\/comments?post=269300"}],"version-history":[{"count":1,"href":"https:\/\/www.caririemacao.com\/1\/wp-json\/wp\/v2\/posts\/269300\/revisions"}],"predecessor-version":[{"id":269302,"href":"https:\/\/www.caririemacao.com\/1\/wp-json\/wp\/v2\/posts\/269300\/revisions\/269302"}],"wp:featuredmedia":[{"embeddable":true,"href":"https:\/\/www.caririemacao.com\/1\/wp-json\/wp\/v2\/media\/269301"}],"wp:attachment":[{"href":"https:\/\/www.caririemacao.com\/1\/wp-json\/wp\/v2\/media?parent=269300"}],"wp:term":[{"taxonomy":"category","embeddable":true,"href":"https:\/\/www.caririemacao.com\/1\/wp-json\/wp\/v2\/categories?post=269300"},{"taxonomy":"post_tag","embeddable":true,"href":"https:\/\/www.caririemacao.com\/1\/wp-json\/wp\/v2\/tags?post=269300"}],"curies":[{"name":"wp","href":"https:\/\/api.w.org\/{rel}","templated":true}]}}