{"id":270205,"date":"2023-06-19T10:21:26","date_gmt":"2023-06-19T13:21:26","guid":{"rendered":"https:\/\/www.caririemacao.com\/1\/?p=270205"},"modified":"2023-06-19T10:21:26","modified_gmt":"2023-06-19T13:21:26","slug":"acidentes-deixam-saldo-de-uma-vitima-fatal-e-outra-em-estado-grave-em-monteiro","status":"publish","type":"post","link":"https:\/\/www.caririemacao.com\/1\/2023\/06\/19\/acidentes-deixam-saldo-de-uma-vitima-fatal-e-outra-em-estado-grave-em-monteiro\/","title":{"rendered":"Acidentes deixam saldo de uma v\u00edtima fatal e outra em estado grave, em Monteiro"},"content":{"rendered":"<p>Dois acidentes foram registrados entre a noite deste domingo (18) e a madrugada desta segunda-feira (19), no munic\u00edpio de Monteiro, no Cariri paraibano.<\/p>\n<p>O primeiro acidente aconteceu na PB-264, no S\u00edtio Cacimba de Cima. O condutor de um ve\u00edculo modelo Golf perdeu o controle da dire\u00e7\u00e3o e capotou na rodovia. Ele foi encontrado por moradores e foi socorrido por uma equipe do SAMU em estado grave para o Hospital Regional de Monteiro.<\/p>\n<p>J\u00e1 nas primeiras horas da manh\u00e3 desta segunda-feira (19), o corpo de um jovem foi encontrado \u00e0s margens da BR-110, pr\u00f3ximo a Agrovila Lafayete, em Monteiro. Ao lado do corpo estava a moto da v\u00edtima, e a suspeita \u00e9 que ele tenha sofrido o acidente durante a madrugada.<\/p>\n<p>A Pol\u00edcia foi acionada e isolou o local para uma per\u00edcia no local.<\/p>\n","protected":false},"excerpt":{"rendered":"<p>Dois acidentes foram registrados entre a noite deste domingo (18) e a madrugada desta segunda-feira (19), no munic\u00edpio de Monteiro, no Cariri paraibano. O primeiro&hellip; <\/p>\n","protected":false},"author":6,"featured_media":242951,"comment_status":"closed","ping_status":"closed","sticky":false,"template":"","format":"standard","meta":{"sfsi_plus_gutenberg_text_before_share":"","sfsi_plus_gutenberg_show_text_before_share":"","sfsi_plus_gutenberg_icon_type":"","sfsi_plus_gutenberg_icon_alignemt":"","sfsi_plus_gutenburg_max_per_row":"","footnotes":""},"categories":[106],"tags":[],"class_list":["post-270205","post","type-post","status-publish","format-standard","has-post-thumbnail","hentry","category-cariri"],"_links":{"self":[{"href":"https:\/\/www.caririemacao.com\/1\/wp-json\/wp\/v2\/posts\/270205","targetHints":{"allow":["GET"]}}],"collection":[{"href":"https:\/\/www.caririemacao.com\/1\/wp-json\/wp\/v2\/posts"}],"about":[{"href":"https:\/\/www.caririemacao.com\/1\/wp-json\/wp\/v2\/types\/post"}],"author":[{"embeddable":true,"href":"https:\/\/www.caririemacao.com\/1\/wp-json\/wp\/v2\/users\/6"}],"replies":[{"embeddable":true,"href":"https:\/\/www.caririemacao.com\/1\/wp-json\/wp\/v2\/comments?post=270205"}],"version-history":[{"count":1,"href":"https:\/\/www.caririemacao.com\/1\/wp-json\/wp\/v2\/posts\/270205\/revisions"}],"predecessor-version":[{"id":270206,"href":"https:\/\/www.caririemacao.com\/1\/wp-json\/wp\/v2\/posts\/270205\/revisions\/270206"}],"wp:featuredmedia":[{"embeddable":true,"href":"https:\/\/www.caririemacao.com\/1\/wp-json\/wp\/v2\/media\/242951"}],"wp:attachment":[{"href":"https:\/\/www.caririemacao.com\/1\/wp-json\/wp\/v2\/media?parent=270205"}],"wp:term":[{"taxonomy":"category","embeddable":true,"href":"https:\/\/www.caririemacao.com\/1\/wp-json\/wp\/v2\/categories?post=270205"},{"taxonomy":"post_tag","embeddable":true,"href":"https:\/\/www.caririemacao.com\/1\/wp-json\/wp\/v2\/tags?post=270205"}],"curies":[{"name":"wp","href":"https:\/\/api.w.org\/{rel}","templated":true}]}}