{"id":270787,"date":"2023-07-01T08:42:45","date_gmt":"2023-07-01T11:42:45","guid":{"rendered":"https:\/\/www.caririemacao.com\/1\/?p=270787"},"modified":"2023-07-01T08:42:45","modified_gmt":"2023-07-01T11:42:45","slug":"grave-acidente-e-registrado-em-rodovia-do-cariri","status":"publish","type":"post","link":"https:\/\/www.caririemacao.com\/1\/2023\/07\/01\/grave-acidente-e-registrado-em-rodovia-do-cariri\/","title":{"rendered":"Grave acidente \u00e9 registrado em rodovia do Cariri"},"content":{"rendered":"<p>Um grave acidente foi registrado na madrugada deste s\u00e1bado na PB-186 que liga Cara\u00fabas \u00e0 S\u00e3o Domingos do Cariri .<\/p>\n<p>Segundo informa\u00e7\u00f5es, um homem n\u00e3o identificado perdeu o controle do ve\u00edculo gol se evadiu da pista e caiu numa ribanceira , o condutor sofreu um corte profundo na cabe\u00e7a e foi levado para o posto m\u00e9dico de cara\u00fabas mais estava consciente .<\/p>\n<p>&nbsp;<\/p>\n<p><strong>CARIRI EM A\u00c7\u00c3O<\/strong><\/p>\n<p>Com Cariri In Foco<\/p>\n","protected":false},"excerpt":{"rendered":"<p>Um grave acidente foi registrado na madrugada deste s\u00e1bado na PB-186 que liga Cara\u00fabas \u00e0 S\u00e3o Domingos do Cariri . Segundo informa\u00e7\u00f5es, um homem n\u00e3o&hellip; <\/p>\n","protected":false},"author":6,"featured_media":270788,"comment_status":"closed","ping_status":"closed","sticky":false,"template":"","format":"standard","meta":{"sfsi_plus_gutenberg_text_before_share":"","sfsi_plus_gutenberg_show_text_before_share":"","sfsi_plus_gutenberg_icon_type":"","sfsi_plus_gutenberg_icon_alignemt":"","sfsi_plus_gutenburg_max_per_row":"","footnotes":""},"categories":[106,12],"tags":[],"class_list":["post-270787","post","type-post","status-publish","format-standard","has-post-thumbnail","hentry","category-cariri","category-policia"],"_links":{"self":[{"href":"https:\/\/www.caririemacao.com\/1\/wp-json\/wp\/v2\/posts\/270787","targetHints":{"allow":["GET"]}}],"collection":[{"href":"https:\/\/www.caririemacao.com\/1\/wp-json\/wp\/v2\/posts"}],"about":[{"href":"https:\/\/www.caririemacao.com\/1\/wp-json\/wp\/v2\/types\/post"}],"author":[{"embeddable":true,"href":"https:\/\/www.caririemacao.com\/1\/wp-json\/wp\/v2\/users\/6"}],"replies":[{"embeddable":true,"href":"https:\/\/www.caririemacao.com\/1\/wp-json\/wp\/v2\/comments?post=270787"}],"version-history":[{"count":1,"href":"https:\/\/www.caririemacao.com\/1\/wp-json\/wp\/v2\/posts\/270787\/revisions"}],"predecessor-version":[{"id":270789,"href":"https:\/\/www.caririemacao.com\/1\/wp-json\/wp\/v2\/posts\/270787\/revisions\/270789"}],"wp:featuredmedia":[{"embeddable":true,"href":"https:\/\/www.caririemacao.com\/1\/wp-json\/wp\/v2\/media\/270788"}],"wp:attachment":[{"href":"https:\/\/www.caririemacao.com\/1\/wp-json\/wp\/v2\/media?parent=270787"}],"wp:term":[{"taxonomy":"category","embeddable":true,"href":"https:\/\/www.caririemacao.com\/1\/wp-json\/wp\/v2\/categories?post=270787"},{"taxonomy":"post_tag","embeddable":true,"href":"https:\/\/www.caririemacao.com\/1\/wp-json\/wp\/v2\/tags?post=270787"}],"curies":[{"name":"wp","href":"https:\/\/api.w.org\/{rel}","templated":true}]}}